 
{"id":1331,"date":"2020-09-29T16:50:09","date_gmt":"2020-09-29T16:50:09","guid":{"rendered":"http:\/\/venamerica.org\/home\/?p=1331"},"modified":"2020-09-29T16:50:09","modified_gmt":"2020-09-29T16:50:09","slug":"r2p-y-un-plan-marshall-para-venezuela","status":"publish","type":"post","link":"https:\/\/venamerica.org\/home\/r2p-y-un-plan-marshall-para-venezuela\/","title":{"rendered":"R2P y un Plan Marshall para Venezuela"},"content":{"rendered":"<p><img fetchpriority=\"high\" decoding=\"async\" class=\"wp-image-166 aligncenter\" src=\"https:\/\/venamerica.org\/home\/wp-content\/uploads\/2020\/05\/diario_americas-dest-1.jpg\" alt=\"\" width=\"443\" height=\"143\" \/><\/p>\n<p><strong><span style=\"font-size: 18px;\">Si un Estado falla en su compromiso de proteger a su poblaci\u00f3n, la comunidad internacional debe estar preparada para tomar medidas m\u00e1s firmes<\/span><\/strong><\/p>\n<p style=\"text-align: right;\">Por\u00a0VENAM\u00c9RICA,\u00a0LUIS CORONA<\/p>\n<p>El presidente Juan\u00a0Guaid\u00f3, desde un calificado auditorio en el marco de la Asamblea General de la\u00a0ONU, solicit\u00f3 \u201ca los representantes de los Estados Miembros que asuman la responsabilidad de asistir al Gobierno leg\u00edtimo de\u00a0Venezuela, en su misi\u00f3n de proteger al pueblo venezolano\u201d. Desde VenAm\u00e9rica -y no hemos sido los \u00fanicos\u2013 hemos aplaudido a Guaid\u00f3 al reclamar al mundo cumplir con la Responsabilidad de Proteger, con el llamado R2P, que es el compromiso de los Estados Miembros de Naciones Unidas de prevenir y detener cr\u00edmenes masivos, como los que hoy ocurren en Venezuela, ahora inocultables e innegables, despu\u00e9s del Informe de la Misi\u00f3n Internacional Independiente del Consejo de Derechos Humanos de la ONU.<\/p>\n<p>Frente a la perpetraci\u00f3n de cr\u00edmenes masivos y ante el fracaso reiterado del mundo para prevenirlos y darles un alto, surgi\u00f3 en la ONU, en 2005, el R2P, para proteger a los pueblos de cuatro hechos brutales: genocidio, cr\u00edmenes de guerra, depuraci\u00f3n \u00e9tnica y los llamados cr\u00edmenes de lesa humanidad, como los que probadamente padece hoy Venezuela.<\/p>\n<p>Tres son los postulados de la Responsabilidad de Proteger:<\/p>\n<ol>\n<li>Cada Estado tiene la responsabilidad primaria de proteger a su poblaci\u00f3n de los cr\u00edmenes masivos. Como est\u00e1 probado, los criminales en Venezuela son los usurpadores de los poderes del Estado.<\/li>\n<li>La comunidad internacional tiene la responsabilidad de asistir a los Estados en el cumplimiento de dicha protecci\u00f3n, enti\u00e9ndase, ayudar a las autoridades leg\u00edtimas a proteger a su pueblo.<\/li>\n<li>La comunidad internacional debe utilizar v\u00edas diplom\u00e1ticas, humanitarias y otros mecanismos pac\u00edficos para proteger a las poblaciones de los cr\u00edmenes mencionados.<\/li>\n<\/ol>\n<p>Si un Estado falla en su compromiso de proteger a su poblaci\u00f3n o de poner fin a los cr\u00edmenes masivos (como es el caso actual de Venezuela), la comunidad internacional debe estar preparada para tomar medidas m\u00e1s firmes, incluyendo el uso de la fuerza colectiva.<\/p>\n<p>De lo antes dicho queda claro que cuando los m\u00e9todos pac\u00edficos no dan resultado, y no se detienen los cr\u00edmenes, la fuerza debe operar. El presidente Guaid\u00f3 pide a los Estados miembros de la ONU \u201cconsiderar una estrategia que contemple escenarios, luego de agotada la v\u00eda diplom\u00e1tica. Ha llegado el momento de acciones oportunas y decisivas\u201d. \u00bfQu\u00e9 m\u00e1s esperar? Cada d\u00eda que pasa se incrementa el n\u00famero de muertos, sea por la acci\u00f3n directa de las manos criminales de los torturadores y asesinos, o sea por la acci\u00f3n destructora de las instituciones, la econom\u00eda y la vida social en condiciones saludables. Venezuela necesita un apoyo integral para poner punto final al crimen, pero m\u00e1s a\u00fan, requiere de una acci\u00f3n semejante al Plan Marshall, surgido en apoyo a la Europa devastada despu\u00e9s de la segunda guerra mundial, requiere de recursos para solventar la grave crisis humanitaria y reconstruir el pa\u00eds.<\/p>\n<p>No obstante, el problema no es solo de la comunidad internacional que tiene la Responsabilidad de Proteger. Hay una responsabilidad primaria e indelegable de los venezolanos, de todos sin excepci\u00f3n, tanto de los pol\u00edticos como de la sociedad civil organizada, obligados a unir estrategia y acci\u00f3n, a marchar con unidad de prop\u00f3sito en procura de la libertad y la democracia, constituyendo de inmediato un Gobierno de Transici\u00f3n. A un pueblo unido y dispuesto a defender su derecho a la vida no lo detiene nadie. Es la hora de marchar juntos y ponerle punto final a la dictadura, con la comunidad internacional y un plan general de protecci\u00f3n y ayuda.<\/p>\n<p><em>www.venamerica.org\u00a0 28 de septiembre de 2020\u00a0 V\u00eda: diariolasamericas.com\/<\/em><\/p>\n<p><em>El autor es el presidente de VenAm\u00e9rica<\/em><\/p>\n","protected":false},"excerpt":{"rendered":"<p>Si un Estado falla en su compromiso de proteger a su poblaci\u00f3n, la comunidad internacional debe estar preparada para tomar medidas m\u00e1s firmes Por\u00a0VENAM\u00c9RICA,\u00a0LUIS CORONA El presidente Juan\u00a0Guaid\u00f3, desde un calificado auditorio en el marco de la Asamblea General de&hellip;<\/p>\n","protected":false},"author":1,"featured_media":163,"comment_status":"closed","ping_status":"closed","sticky":false,"template":"","format":"standard","meta":{"footnotes":""},"categories":[23],"tags":[],"class_list":["post-1331","post","type-post","status-publish","format-standard","has-post-thumbnail","hentry","category-diario-las-americas","entry","has-media"],"_links":{"self":[{"href":"https:\/\/venamerica.org\/home\/wp-json\/wp\/v2\/posts\/1331","targetHints":{"allow":["GET"]}}],"collection":[{"href":"https:\/\/venamerica.org\/home\/wp-json\/wp\/v2\/posts"}],"about":[{"href":"https:\/\/venamerica.org\/home\/wp-json\/wp\/v2\/types\/post"}],"author":[{"embeddable":true,"href":"https:\/\/venamerica.org\/home\/wp-json\/wp\/v2\/users\/1"}],"replies":[{"embeddable":true,"href":"https:\/\/venamerica.org\/home\/wp-json\/wp\/v2\/comments?post=1331"}],"version-history":[{"count":0,"href":"https:\/\/venamerica.org\/home\/wp-json\/wp\/v2\/posts\/1331\/revisions"}],"wp:featuredmedia":[{"embeddable":true,"href":"https:\/\/venamerica.org\/home\/wp-json\/wp\/v2\/media\/163"}],"wp:attachment":[{"href":"https:\/\/venamerica.org\/home\/wp-json\/wp\/v2\/media?parent=1331"}],"wp:term":[{"taxonomy":"category","embeddable":true,"href":"https:\/\/venamerica.org\/home\/wp-json\/wp\/v2\/categories?post=1331"},{"taxonomy":"post_tag","embeddable":true,"href":"https:\/\/venamerica.org\/home\/wp-json\/wp\/v2\/tags?post=1331"}],"curies":[{"name":"wp","href":"https:\/\/api.w.org\/{rel}","templated":true}]}}