 
{"id":1350,"date":"2020-10-03T16:56:40","date_gmt":"2020-10-03T16:56:40","guid":{"rendered":"http:\/\/venamerica.org\/home\/?p=1350"},"modified":"2020-10-03T16:56:40","modified_gmt":"2020-10-03T16:56:40","slug":"boletin-informativo-frente-amplio-venezuela-libre-3-de-octubre-2020","status":"publish","type":"post","link":"https:\/\/venamerica.org\/home\/boletin-informativo-frente-amplio-venezuela-libre-3-de-octubre-2020\/","title":{"rendered":"Bolet\u00edn Informativo Frente Amplio Venezuela Libre, 3 de octubre 2020"},"content":{"rendered":"<p>\u00a1Buenos d\u00edas!<br \/>\nLograr la libertad de Venezuela, m\u00e1s que un sue\u00f1o, debe ser nuestro norte, debe ser esa motivaci\u00f3n que nos impulse a seguir presionando y manifestando el descontento que sentimos ante la desigualdad, la injusticia y las m\u00faltiples carencias a las que nos ha sometido el r\u00e9gimen criminal de Nicol\u00e1s Maduro.<\/p>\n<p>Pero no podemos olvidarnos que construir el pa\u00eds que so\u00f1amos requiere no solo de un cambio pol\u00edtico sino tambi\u00e9n de un cambio social, donde se dejen las etiquetas de lado y se respeten los ideales de todos. Esa sociedad de ciudadanos conscientes no puede ser una utop\u00eda o un prop\u00f3sito aislado. Recordemos que solo en el momento que logremos imponer nuestro deseo de libertad sobre las diferencias pol\u00edticas y tengamos claro que la mejor Venezuela se construye con los peque\u00f1os aportes diarios que hacemos cada uno desde nuestras trincheras es que vamos a alcanzar el objetivo com\u00fan: la democracia.<\/p>\n<p><strong><span style=\"font-size: 18px;\">Noticias destacadas<\/span><\/strong><\/p>\n<p>\ud83d\udd0a Guaid\u00f3 en el Athens Democracy Forum: La democracia en Venezuela resiste en la lucha por lograr elecciones presidenciales y parlamentarias libres, justas y verificables <a href=\"https:\/\/bit.ly\/3l6FSdx\" target=\"_blank\" rel=\"noopener noreferrer\">https:\/\/bit.ly\/3l6FSdx<\/a><\/p>\n<p>\ud83d\udd0a Margarite\u00f1as protestan con fog\u00f3n a le\u00f1a en medio de la v\u00eda <a href=\"https:\/\/bit.ly\/3nbDh3V\" target=\"_blank\" rel=\"noopener noreferrer\">https:\/\/bit.ly\/3nbDh3V<\/a><\/p>\n<p>\ud83d\udd0a Borges: \u201cEs hora de que el mundo responsabilice al castrismo de la destrucci\u00f3n de Venezuela\u201d <a href=\"https:\/\/bit.ly\/3cRm5fc\" target=\"_blank\" rel=\"noopener noreferrer\">https:\/\/bit.ly\/3cRm5fc<\/a><\/p>\n<p>\ud83d\udd0aExplotaci\u00f3n sexual: el drama de ni\u00f1os y j\u00f3venes venezolanos que emigran solos a La Guajira colombiana <a href=\"https:\/\/bit.ly\/36rwPQd\" target=\"_blank\" rel=\"noopener noreferrer\">https:\/\/bit.ly\/36rwPQd<\/a><\/p>\n<p>\ud83d\udd0a Julio Castro desmonta expectativas sobre la llegada de la vacuna rusa Sputnik V a Venezuela <a href=\"https:\/\/bit.ly\/36ue9j4\" target=\"_blank\" rel=\"noopener noreferrer\">https:\/\/bit.ly\/36ue9j4<\/a><\/p>\n<p>\ud83d\udd0a \u00abNo es confiable\u00bb: ONG M\u00e9dicos Unidos alert\u00f3 a los venezolanos sobre la vacuna rusa <a href=\"https:\/\/bit.ly\/30t5ych\" target=\"_blank\" rel=\"noopener noreferrer\">https:\/\/bit.ly\/30t5ych<\/a><\/p>\n<p>\ud83d\udd0a Fallecen un ginecobstetra y un anestesi\u00f3logo por COVID-19 en Trujillo <a href=\"https:\/\/bit.ly\/33u8Tdn\" target=\"_blank\" rel=\"noopener noreferrer\">https:\/\/bit.ly\/33u8Tdn<\/a><\/p>\n<p>\ud83d\udd0a Alianza L\u00e1piz: Arist\u00f3bulo es el ministro de Educaci\u00f3n m\u00e1s c\u00ednico e irresponsable de nuestra historia <a href=\"https:\/\/bit.ly\/3l99Hu1\" target=\"_blank\" rel=\"noopener noreferrer\">https:\/\/bit.ly\/3l99Hu1<\/a><\/p>\n<p>\ud83d\udd0a El salario m\u00ednimo mensual en Venezuela a ras de suelo: menos de un d\u00f3lar <a href=\"https:\/\/bit.ly\/36tdn5y\" target=\"_blank\" rel=\"noopener noreferrer\">https:\/\/bit.ly\/36tdn5y<\/a><\/p>\n<p>\u2733\ufe0f <strong>En positivo<\/strong><br \/>\nDaniel Sega Neuman: El zuliano que se gan\u00f3 una beca de la NASA <a href=\"https:\/\/bit.ly\/3iplToz\" target=\"_blank\" rel=\"noopener noreferrer\">https:\/\/bit.ly\/3iplToz<\/a><\/p>\n<p>\ud83d\udcf2 <strong>Encuesta<\/strong><br \/>\nLa crisis en Venezuela tiene m\u00faltiples facetas, una de las carencia que m\u00e1s afecta a las familias venezolanas es la escasez de agua, sobre todo en medio de la pandemia del coronavirus. Seg\u00fan los datos de la Encuesta Crisis Venezuela 2020, al menos el 73,7% de los venezolanos reporta fallas en el suministro del servicio, mientras que 19,7% asegura que llevan m\u00e1s de siete d\u00edas sin recibir agua por tuber\u00eda. Queremos conocer m\u00e1s a fondo la realidad de tu comunidad, por eso te invitamos a llevar la encuestra a trav\u00e9s del siguiente enlace:\u00a0<a href=\"https:\/\/arcg.is\/1Wznuz\" target=\"_blank\" rel=\"noopener noreferrer\">https:\/\/arcg.is\/1Wznuz<\/a><\/p>\n<p>\ud83d\udc69\ud83c\udffd\u200d\ud83d\udcbb <strong>Teleconsultas<\/strong><br \/>\nEn medio de este contexto social y la crisis que se ha agudizado por la pandemia los venezolanos no contamos con un sistema de salud digno, es por eso que a trav\u00e9s de Teleconsultas podr\u00e1s recibir atenci\u00f3n personalizada en mano de especialistas sin importar si te encuentras fuera del pa\u00eds. Si presentas alg\u00fan problema de salud solo debes env\u00eda un mensaje al +59162580044 o ingresa a la p\u00e1gina web https:\/\/consulta.teleconsultave.com para recibir atenci\u00f3n r\u00e1pida y oportuna.<\/p>\n<p>\ud83d\udcac <strong>Para reflexionar<\/strong><br \/>\n\u201cVenezuela se mantiene en pie de lucha exigiendo lo que Nicol\u00e1s Maduro no le puede ofrecer. Es evidente que todo lo que est\u00e1 pasando en el pa\u00eds tiene que ver con una exigencia de justicia.\u00bb Delsa Sol\u00f3rzano. Diputada a la Asamblea Nacional.<\/p>\n<p>Mantente informado<br \/>\n\u00danete a nuestro canal de Telegram <a href=\"http:\/\/bit.ly\/2QxpRyM\" target=\"_blank\" rel=\"noopener noreferrer\">http:\/\/bit.ly\/2QxpRyM<\/a><\/p>\n","protected":false},"excerpt":{"rendered":"<p>\u00a1Buenos d\u00edas! Lograr la libertad de Venezuela, m\u00e1s que un sue\u00f1o, debe ser nuestro norte, debe ser esa motivaci\u00f3n que nos impulse a seguir presionando y manifestando el descontento que sentimos ante la desigualdad, la injusticia y las m\u00faltiples carencias&hellip;<\/p>\n","protected":false},"author":1,"featured_media":1352,"comment_status":"closed","ping_status":"closed","sticky":false,"template":"","format":"standard","meta":{"footnotes":""},"categories":[25],"tags":[],"class_list":["post-1350","post","type-post","status-publish","format-standard","has-post-thumbnail","hentry","category-noticias","entry","has-media"],"_links":{"self":[{"href":"https:\/\/venamerica.org\/home\/wp-json\/wp\/v2\/posts\/1350","targetHints":{"allow":["GET"]}}],"collection":[{"href":"https:\/\/venamerica.org\/home\/wp-json\/wp\/v2\/posts"}],"about":[{"href":"https:\/\/venamerica.org\/home\/wp-json\/wp\/v2\/types\/post"}],"author":[{"embeddable":true,"href":"https:\/\/venamerica.org\/home\/wp-json\/wp\/v2\/users\/1"}],"replies":[{"embeddable":true,"href":"https:\/\/venamerica.org\/home\/wp-json\/wp\/v2\/comments?post=1350"}],"version-history":[{"count":0,"href":"https:\/\/venamerica.org\/home\/wp-json\/wp\/v2\/posts\/1350\/revisions"}],"wp:featuredmedia":[{"embeddable":true,"href":"https:\/\/venamerica.org\/home\/wp-json\/wp\/v2\/media\/1352"}],"wp:attachment":[{"href":"https:\/\/venamerica.org\/home\/wp-json\/wp\/v2\/media?parent=1350"}],"wp:term":[{"taxonomy":"category","embeddable":true,"href":"https:\/\/venamerica.org\/home\/wp-json\/wp\/v2\/categories?post=1350"},{"taxonomy":"post_tag","embeddable":true,"href":"https:\/\/venamerica.org\/home\/wp-json\/wp\/v2\/tags?post=1350"}],"curies":[{"name":"wp","href":"https:\/\/api.w.org\/{rel}","templated":true}]}}