 
{"id":1401,"date":"2020-10-14T13:46:25","date_gmt":"2020-10-14T13:46:25","guid":{"rendered":"http:\/\/venamerica.org\/home\/?p=1401"},"modified":"2020-11-15T21:14:11","modified_gmt":"2020-11-15T21:14:11","slug":"invitacion-al-foro-la-sociedad-civil-hacia-la-consulta-popular","status":"publish","type":"post","link":"https:\/\/venamerica.org\/home\/invitacion-al-foro-la-sociedad-civil-hacia-la-consulta-popular\/","title":{"rendered":"Invitaci\u00f3n al Foro: \u00abLa Sociedad Civil hacia la Consulta Popular\u00bb"},"content":{"rendered":"<p>Lo invitamos al Foro: <strong>\u00abLa Sociedad Civil hacia la Consulta Popular\u00bb<\/strong><br \/>\nEste jueves 15 de octubre, a las 8 p.m.<br \/>\nExpositores: Horacio Medina, Blanca Rosa M\u00e1rmol de Le\u00f3n (Miembros del Comit\u00e9 Organizador de la Consulta).<br \/>\nLink de ingreso a la reuni\u00f3n (luego de la inscripci\u00f3n recibir\u00e1 un email de confirmaci\u00f3n para unirse a la reuni\u00f3n):<br \/>\n<a href=\"https:\/\/zoom.us\/meeting\/register\/tJMsc-6hrDsrHNKQWvtLY40mjrCC1QGOge7h\" target=\"_blank\" rel=\"noopener noreferrer\">https:\/\/zoom.us\/meeting\/register\/tJMsc-6hrDsrHNKQWvtLY40mjrCC1QGOge7h<\/a><\/p>\n<p><img fetchpriority=\"high\" decoding=\"async\" class=\"alignnone size-full wp-image-1402\" src=\"https:\/\/venamerica.org\/home\/wp-content\/uploads\/2020\/10\/foro_soc_civil_cosulta_popular.jpg\" alt=\"\" width=\"800\" height=\"600\" srcset=\"https:\/\/venamerica.org\/home\/wp-content\/uploads\/2020\/10\/foro_soc_civil_cosulta_popular.jpg 800w, https:\/\/venamerica.org\/home\/wp-content\/uploads\/2020\/10\/foro_soc_civil_cosulta_popular-300x225.jpg 300w, https:\/\/venamerica.org\/home\/wp-content\/uploads\/2020\/10\/foro_soc_civil_cosulta_popular-768x576.jpg 768w, https:\/\/venamerica.org\/home\/wp-content\/uploads\/2020\/10\/foro_soc_civil_cosulta_popular-350x263.jpg 350w\" sizes=\"(max-width: 800px) 100vw, 800px\" \/><\/p>\n","protected":false},"excerpt":{"rendered":"<p>Lo invitamos al Foro: \u00abLa Sociedad Civil hacia la Consulta Popular\u00bb Este jueves 15 de octubre, a las 8 p.m. Expositores: Horacio Medina, Blanca Rosa M\u00e1rmol de Le\u00f3n (Miembros del Comit\u00e9 Organizador de la Consulta). Link de ingreso a la&hellip;<\/p>\n","protected":false},"author":1,"featured_media":1402,"comment_status":"closed","ping_status":"closed","sticky":false,"template":"","format":"standard","meta":{"footnotes":""},"categories":[16],"tags":[],"class_list":["post-1401","post","type-post","status-publish","format-standard","has-post-thumbnail","hentry","category-comunicacion","entry","has-media"],"_links":{"self":[{"href":"https:\/\/venamerica.org\/home\/wp-json\/wp\/v2\/posts\/1401","targetHints":{"allow":["GET"]}}],"collection":[{"href":"https:\/\/venamerica.org\/home\/wp-json\/wp\/v2\/posts"}],"about":[{"href":"https:\/\/venamerica.org\/home\/wp-json\/wp\/v2\/types\/post"}],"author":[{"embeddable":true,"href":"https:\/\/venamerica.org\/home\/wp-json\/wp\/v2\/users\/1"}],"replies":[{"embeddable":true,"href":"https:\/\/venamerica.org\/home\/wp-json\/wp\/v2\/comments?post=1401"}],"version-history":[{"count":0,"href":"https:\/\/venamerica.org\/home\/wp-json\/wp\/v2\/posts\/1401\/revisions"}],"wp:featuredmedia":[{"embeddable":true,"href":"https:\/\/venamerica.org\/home\/wp-json\/wp\/v2\/media\/1402"}],"wp:attachment":[{"href":"https:\/\/venamerica.org\/home\/wp-json\/wp\/v2\/media?parent=1401"}],"wp:term":[{"taxonomy":"category","embeddable":true,"href":"https:\/\/venamerica.org\/home\/wp-json\/wp\/v2\/categories?post=1401"},{"taxonomy":"post_tag","embeddable":true,"href":"https:\/\/venamerica.org\/home\/wp-json\/wp\/v2\/tags?post=1401"}],"curies":[{"name":"wp","href":"https:\/\/api.w.org\/{rel}","templated":true}]}}