 
{"id":1561,"date":"2020-11-20T20:24:31","date_gmt":"2020-11-20T20:24:31","guid":{"rendered":"http:\/\/venamerica.org\/home\/?p=1561"},"modified":"2020-11-20T20:27:16","modified_gmt":"2020-11-20T20:27:16","slug":"james-story-la-consulta-popular-sera-un-exito-una-manera-de-decirle-al-mundo-ya-basta","status":"publish","type":"post","link":"https:\/\/venamerica.org\/home\/james-story-la-consulta-popular-sera-un-exito-una-manera-de-decirle-al-mundo-ya-basta\/","title":{"rendered":"James Story: la consulta popular ser\u00e1 un \u00e9xito, una manera de decirle al mundo ya basta"},"content":{"rendered":"<div id=\"attachment_1562\" style=\"width: 685px\" class=\"wp-caption alignnone\"><img fetchpriority=\"high\" decoding=\"async\" aria-describedby=\"caption-attachment-1562\" class=\"wp-image-1562 size-full\" src=\"https:\/\/venamerica.org\/home\/wp-content\/uploads\/2020\/11\/james_story.jpg\" alt=\"\" width=\"675\" height=\"450\" srcset=\"https:\/\/venamerica.org\/home\/wp-content\/uploads\/2020\/11\/james_story.jpg 675w, https:\/\/venamerica.org\/home\/wp-content\/uploads\/2020\/11\/james_story-300x200.jpg 300w, https:\/\/venamerica.org\/home\/wp-content\/uploads\/2020\/11\/james_story-350x233.jpg 350w\" sizes=\"(max-width: 675px) 100vw, 675px\" \/><p id=\"caption-attachment-1562\" class=\"wp-caption-text\">Foto: @usembassyve<\/p><\/div>\n<p>Anal\u00edtica 20 noviembre, 2020<\/p>\n<p>\u00ab<em>Creo que la consulta popular va a ser un \u00e9xito, un hito nacional que comienza una nueva ronda de presi\u00f3n interna<\/em>\u00ab. De esta manera se expres\u00f3 el reci\u00e9n designado embajador de Estados Unidos para Venezuela,\u00a0<strong>James Story<\/strong>, acerca de la iniciativa de participaci\u00f3n ciudadana que impulsa el Gobierno interino del presidente\u00a0<strong>Juan Guaid\u00f3<\/strong>, a quien el diplom\u00e1tico reiter\u00f3 nuevamente el apoyo de Washington en su lucha por rescatar la democracia en nuestro pa\u00eds.<\/p>\n<p>A trav\u00e9s de su acostumbrado Facebook Live de cada jueves y en conversaci\u00f3n con el periodista Melanio Escobar, Story dio sus primeras impresiones luego de ser ratificado por el Senado estadounidense como embajador en Venezuela, el primero en una d\u00e9cada. Sobre la consulta popular prevista para llevarse a cabo entre el 7 y 12 de diciembre, Story resalt\u00f3 que \u00ab<em>es una manera de decirle al mundo ya basta<\/em>\u00ab.<\/p>\n<p>\u00ab<em>Es importante que no solamente haya presi\u00f3n externa, la presi\u00f3n internacional de Estados Unidos, la Uni\u00f3n Europea y el Grupo de Lima est\u00e1 all\u00ed, pero\u00a0tambi\u00e9n que los venezolanos dentro de Venezuela alcen su voz y salgan a pedir sus derechos constitucionales<\/em>\u00ab, manifest\u00f3 el embajador que seguir\u00e1 ejerciendo sus funciones desde Bogot\u00e1, Colombia.<\/p>\n<p>Al respecto, Story apunt\u00f3 que\u00a0espera regresar pronto a Caracas\u00a0para ejercer sus funciones junto a los venezolanos. \u00ab<em>Yo s\u00e9 que un d\u00eda s\u00ed regresaremos<\/em>\u00ab, sentenci\u00f3.<\/p>\n<p><span style=\"font-size: 18px;\"><strong>Apoyo desde el norte<\/strong><\/span><\/p>\n<p>Asimismo, aunque no toc\u00f3 el tema del panorama interno en Estados Unidos, en torno al triunfo de\u00a0<strong>Joe Biden<\/strong>\u00a0en las presidenciales y las denuncias de\u00a0<strong>Donald Trump<\/strong>\u00a0de un supuesto fraude, Story quiso dejar claro que su pa\u00eds seguir\u00e1 apoyado a Juan Guaid\u00f3 y al pueblo de Venezuela en la lucha por el restablecimiento de la democracia.<\/p>\n<p>\u00ab<em>Nosotros vamos a seguir con la presi\u00f3n y\u00a0vamos a apoyar a las fuerzas democr\u00e1ticas\u00a0y a la sociedad civil de Venezuela<\/em>\u00ab, enfatiz\u00f3.<\/p>\n<p>Por otro lado, Story reafirmo que Estados Unidos no reconocer\u00e1 las elecciones parlamentarias\u00a0convocadas por el oficialismo para el 6 de diciembre: \u00ab<em>la comunidad internacional no va a reconocer el fraude del 6D y yo creo que la mayor\u00eda de los venezolanos\u00a0tampoco lo van a reconocer, porque el fraude ya comenz\u00f3<\/em>\u00ab, dijo el embajador refiri\u00e9ndose a las irregularidades del proceso, que incluye la designaci\u00f3n de los miembros del Consejo Nacional Electoral por parte de Tribunal Supremo de Justicia al servicio del oficialismo\u2026<\/p>\n<p><em>Tomado de anal\u00edtica.com\/actualidad<\/em><\/p>\n","protected":false},"excerpt":{"rendered":"<p>Anal\u00edtica 20 noviembre, 2020 \u00abCreo que la consulta popular va a ser un \u00e9xito, un hito nacional que comienza una nueva ronda de presi\u00f3n interna\u00ab. De esta manera se expres\u00f3 el reci\u00e9n designado embajador de Estados Unidos para Venezuela,\u00a0James Story,&hellip;<\/p>\n","protected":false},"author":1,"featured_media":1562,"comment_status":"closed","ping_status":"closed","sticky":false,"template":"","format":"standard","meta":{"footnotes":""},"categories":[25],"tags":[],"class_list":["post-1561","post","type-post","status-publish","format-standard","has-post-thumbnail","hentry","category-noticias","entry","has-media"],"_links":{"self":[{"href":"https:\/\/venamerica.org\/home\/wp-json\/wp\/v2\/posts\/1561","targetHints":{"allow":["GET"]}}],"collection":[{"href":"https:\/\/venamerica.org\/home\/wp-json\/wp\/v2\/posts"}],"about":[{"href":"https:\/\/venamerica.org\/home\/wp-json\/wp\/v2\/types\/post"}],"author":[{"embeddable":true,"href":"https:\/\/venamerica.org\/home\/wp-json\/wp\/v2\/users\/1"}],"replies":[{"embeddable":true,"href":"https:\/\/venamerica.org\/home\/wp-json\/wp\/v2\/comments?post=1561"}],"version-history":[{"count":0,"href":"https:\/\/venamerica.org\/home\/wp-json\/wp\/v2\/posts\/1561\/revisions"}],"wp:featuredmedia":[{"embeddable":true,"href":"https:\/\/venamerica.org\/home\/wp-json\/wp\/v2\/media\/1562"}],"wp:attachment":[{"href":"https:\/\/venamerica.org\/home\/wp-json\/wp\/v2\/media?parent=1561"}],"wp:term":[{"taxonomy":"category","embeddable":true,"href":"https:\/\/venamerica.org\/home\/wp-json\/wp\/v2\/categories?post=1561"},{"taxonomy":"post_tag","embeddable":true,"href":"https:\/\/venamerica.org\/home\/wp-json\/wp\/v2\/tags?post=1561"}],"curies":[{"name":"wp","href":"https:\/\/api.w.org\/{rel}","templated":true}]}}