 
{"id":1991,"date":"2021-01-11T14:01:38","date_gmt":"2021-01-11T14:01:38","guid":{"rendered":"http:\/\/venamerica.org\/home\/?p=1991"},"modified":"2021-01-23T03:57:23","modified_gmt":"2021-01-23T03:57:23","slug":"transiciones-politicas-en-america-latina-desafios-y-experiencias","status":"publish","type":"post","link":"https:\/\/venamerica.org\/home\/transiciones-politicas-en-america-latina-desafios-y-experiencias\/","title":{"rendered":"Transiciones pol\u00edticas en Am\u00e9rica Latina:\u00a0Desaf\u00edos y experiencias"},"content":{"rendered":"<p>Este jueves 14 de enero 20221, a las 5:30 de la tarde, se presentar\u00e1 v\u00eda zoom \u00abTransiciones pol\u00edticas en Am\u00e9rica Latina. Desaf\u00edos y experiencias\u00bb, publicaci\u00f3n\u00a0 patrocinada por CEDICE,editada\u00a0 por la Universidad Metropolitana bajo la coordinaci\u00f3n de\u00a0 los doctores Jos\u00e9 Alberto Olivar y Miguel \u00c1ngel Mart\u00ednez Meucci.<\/p>\n<p>El Libro Transiciones politicas en Am\u00e9rica Latina, bosqueja algunas de las m\u00e1s importantes transiciones pol\u00edtico-militares ocurridas en la segunda mitad del siglo XX en Am\u00e9rica Latina.<\/p>\n<p>\u00abLa idea es ofrecer un referente en el cual los lectores puedan comprender la complejidad que encierran los procesos de transici\u00f3n, sobre todo en nuestra regi\u00f3n y cuando estos est\u00e1n supeditados a la avenencia de un poder militar que, desde su control preeminente de las armas, se abroga casi siempre el rol tutelar de la ruta a seguir en las primeras de cambio.\u00bb<\/p>\n<p><img fetchpriority=\"high\" decoding=\"async\" class=\"size-full wp-image-1992 aligncenter\" src=\"https:\/\/venamerica.org\/home\/wp-content\/uploads\/2021\/01\/libro_transiciones.jpg\" alt=\"\" width=\"900\" height=\"900\" srcset=\"https:\/\/venamerica.org\/home\/wp-content\/uploads\/2021\/01\/libro_transiciones.jpg 900w, https:\/\/venamerica.org\/home\/wp-content\/uploads\/2021\/01\/libro_transiciones-300x300.jpg 300w, https:\/\/venamerica.org\/home\/wp-content\/uploads\/2021\/01\/libro_transiciones-150x150.jpg 150w, https:\/\/venamerica.org\/home\/wp-content\/uploads\/2021\/01\/libro_transiciones-768x768.jpg 768w, https:\/\/venamerica.org\/home\/wp-content\/uploads\/2021\/01\/libro_transiciones-350x350.jpg 350w, https:\/\/venamerica.org\/home\/wp-content\/uploads\/2021\/01\/libro_transiciones-125x125.jpg 125w\" sizes=\"(max-width: 900px) 100vw, 900px\" \/><\/p>\n","protected":false},"excerpt":{"rendered":"<p>Este jueves 14 de enero 20221, a las 5:30 de la tarde, se presentar\u00e1 v\u00eda zoom \u00abTransiciones pol\u00edticas en Am\u00e9rica Latina. Desaf\u00edos y experiencias\u00bb, publicaci\u00f3n\u00a0 patrocinada por CEDICE,editada\u00a0 por la Universidad Metropolitana bajo la coordinaci\u00f3n de\u00a0 los doctores Jos\u00e9 Alberto&hellip;<\/p>\n","protected":false},"author":1,"featured_media":1992,"comment_status":"closed","ping_status":"closed","sticky":false,"template":"","format":"standard","meta":{"footnotes":""},"categories":[25],"tags":[],"class_list":["post-1991","post","type-post","status-publish","format-standard","has-post-thumbnail","hentry","category-noticias","entry","has-media"],"_links":{"self":[{"href":"https:\/\/venamerica.org\/home\/wp-json\/wp\/v2\/posts\/1991","targetHints":{"allow":["GET"]}}],"collection":[{"href":"https:\/\/venamerica.org\/home\/wp-json\/wp\/v2\/posts"}],"about":[{"href":"https:\/\/venamerica.org\/home\/wp-json\/wp\/v2\/types\/post"}],"author":[{"embeddable":true,"href":"https:\/\/venamerica.org\/home\/wp-json\/wp\/v2\/users\/1"}],"replies":[{"embeddable":true,"href":"https:\/\/venamerica.org\/home\/wp-json\/wp\/v2\/comments?post=1991"}],"version-history":[{"count":0,"href":"https:\/\/venamerica.org\/home\/wp-json\/wp\/v2\/posts\/1991\/revisions"}],"wp:featuredmedia":[{"embeddable":true,"href":"https:\/\/venamerica.org\/home\/wp-json\/wp\/v2\/media\/1992"}],"wp:attachment":[{"href":"https:\/\/venamerica.org\/home\/wp-json\/wp\/v2\/media?parent=1991"}],"wp:term":[{"taxonomy":"category","embeddable":true,"href":"https:\/\/venamerica.org\/home\/wp-json\/wp\/v2\/categories?post=1991"},{"taxonomy":"post_tag","embeddable":true,"href":"https:\/\/venamerica.org\/home\/wp-json\/wp\/v2\/tags?post=1991"}],"curies":[{"name":"wp","href":"https:\/\/api.w.org\/{rel}","templated":true}]}}