 
{"id":2379,"date":"2021-04-24T16:19:03","date_gmt":"2021-04-24T16:19:03","guid":{"rendered":"http:\/\/venamerica.org\/home\/?p=2379"},"modified":"2021-04-24T16:19:03","modified_gmt":"2021-04-24T16:19:03","slug":"miguel-henrique-otero-nos-quitaran-todo-menos-las-ansias-de-libertad","status":"publish","type":"post","link":"https:\/\/venamerica.org\/home\/miguel-henrique-otero-nos-quitaran-todo-menos-las-ansias-de-libertad\/","title":{"rendered":"Miguel Henrique Otero: \u201cNos quitar\u00e1n todo menos las ansias de libertad\u201d"},"content":{"rendered":"<div class=\"td-pb-row\">\n<div class=\"td-pb-span12\">\n<div class=\"td-post-header\">\n<header class=\"td-post-title\">\n<div id=\"attachment_2380\" style=\"width: 706px\" class=\"wp-caption alignnone\"><img fetchpriority=\"high\" decoding=\"async\" aria-describedby=\"caption-attachment-2380\" class=\"wp-image-2380 size-full\" src=\"https:\/\/venamerica.org\/home\/wp-content\/uploads\/2021\/04\/miguel-henrique-otero.jpg\" alt=\"\" width=\"696\" height=\"429\" srcset=\"https:\/\/venamerica.org\/home\/wp-content\/uploads\/2021\/04\/miguel-henrique-otero.jpg 696w, https:\/\/venamerica.org\/home\/wp-content\/uploads\/2021\/04\/miguel-henrique-otero-300x185.jpg 300w, https:\/\/venamerica.org\/home\/wp-content\/uploads\/2021\/04\/miguel-henrique-otero-350x216.jpg 350w\" sizes=\"(max-width: 696px) 100vw, 696px\" \/><p id=\"caption-attachment-2380\" class=\"wp-caption-text\">Miguel Henrique Otero, presidente editor de El Nacional. Foto: El Universal<\/p><\/div>\n<p class=\"td-post-sub-title\"><span style=\"font-size: 18px;\"><strong>\u201cVamos a seguir resistiendo\u201d, dice, luego de que el diario fue condenado por el r\u00e9gimen de Nicol\u00e1s Maduro a indemnizar con 13,3 millones de d\u00f3lares a Diosdado Cabello<\/strong><\/span><\/p>\n<\/header>\n<\/div>\n<\/div>\n<\/div>\n<div class=\"td-pb-row\">\n<div class=\"td-pb-span8 td-main-content\" role=\"main\">\n<div class=\"td-ss-main-content\">\n<div class=\"td-post-content\">\n<p><a href=\"https:\/\/www.eluniversal.com.mx\/autor-opinion\/miguel-henrique-otero\/mas-de-8-millones-de-personas-estan-esperando\"><strong>Miguel<\/strong>\u00a0<strong>Henrique Otero Castillo<\/strong>,<\/a>\u00a0presidente y director del\u00a0<strong>peri\u00f3dico\u00a0El Nacional,<\/strong>\u00a0de Venezuela, vive entre un sue\u00f1o y una pesadilla.<\/p>\n<p>Empe\u00f1ado en su lucha incesante de ejercer\u00a0<a href=\"https:\/\/www.eluniversal.com.mx\/mundo\"><strong>periodismo con libertad<\/strong><\/a>, idealiza que llegue el d\u00eda en que caiga el r\u00e9gimen gobernante y que, a todo lo ancho de su primera plana, el diario publique: \u201cVenezuela regresa a la democracia\u201d.<\/p>\n<p>Enfrentado a la realidad cotidiana de una\u00a0<strong>estructura pol\u00edtica empoderada<\/strong>\u00a0e inamovible, teme que llegue el d\u00eda en que el gobierno venezolano logre una de sus metas: apagar la libertad de expresi\u00f3n y de prensa en Venezuela.<\/p>\n<p>\u201cSeguiremos resistiendo\u201d, dijo Otero, de 74 a\u00f1os de edad, desde Madrid en una entrevista con <a href=\"https:\/\/webcache.googleusercontent.com\/search?q=cache:cM4KV9RcDx0J:https:\/\/www.eluniversal.com.mx\/mundo\/no-nos-pueden-quitar-las-ansias-de-libertad-en-venezuela-el-nacional+&amp;cd=1&amp;hl=es&amp;ct=clnk&amp;gl=ve\"><em><strong>El Universal <\/strong><\/em><\/a>de M\u00e9xico, al describir el drama de\u00a0<strong>El Nacional\u00a0<\/strong>por el permanente acoso de\u00a0<strong>Diosdado Cabello<\/strong>, influyente l\u00edder de la revoluci\u00f3n bolivariana instalada en 1999.<\/p>\n<p>El Tribunal Supremo de Justicia de Venezuela (<strong>TSJ<\/strong>), fiel al cuestionado presidente venezolano <strong>Nicol\u00e1s Maduro<\/strong>, conden\u00f3 al medio de comunicaci\u00f3n el pasado 16 de abril a indemnizar a Cabello con unos 13,3 millones de d\u00f3lares por da\u00f1o moral.<\/p>\n<p>Cabello demand\u00f3 al rotativo por difamaci\u00f3n en abril de 2015 por reproducir una noticia del diario\u00a0<em>ABC<\/em>, de Espa\u00f1a, acerca de que el poderoso pol\u00edtico comenz\u00f3 a ser indagado en Estados Unidos por presuntos lazos con el\u00a0<strong>narcotr\u00e1fico<\/strong>.<\/p>\n<p>El fallo del TSJ fue sobre la v\u00eda civil, pues la penal sigue abierta. Cabello, diputado y teniente, confirm\u00f3 que, si\u00a0<strong>El Nacional<\/strong><em> r<\/em>echaza indemnizarle, reclamar\u00e1 los bienes de la empresa.<\/p>\n<p>Nacido en 1943,\u00a0<strong>El Nacional\u00a0<\/strong>suspendi\u00f3 en 2018 su edici\u00f3n impresa por\u00a0<strong>falta<\/strong>\u00a0<strong>de papel\u00a0<\/strong>y por la aguda crisis pol\u00edtica, institucional y socioecon\u00f3mica de Venezuela.<\/p>\n<p>\u201cSal\u00ed de Venezuela y no he vuelto. En el momento en que \u00e9l introdujo la demanda yo estaba afuera cuando [en mayo de 2015] me dictaron medidas cautelares. As\u00ed es la justicia en Venezuela: alguien del gobierno abre un juicio e inmediatamente ponen medidas cautelares\u201d, record\u00f3 Otero.<\/p>\n<p>Las medidas, todav\u00eda vigentes, son congelamiento de bienes, prohibici\u00f3n de salir del pa\u00eds y reportarse semanalmente a una autoridad.<\/p>\n<p><strong>\u2014\u00bfCree que el fallo precede a que\u00a0Venezuela\u00a0copie al sistema comunista de\u00a0Cuba\u00a0y proh\u00edba todo tipo de prensa libre?<\/strong><\/p>\n<p>\u2014Es el objetivo, pero no el mismo mecanismo de la\u00a0<strong>dictadura cubana<\/strong>. El r\u00e9gimen busca la hegemon\u00eda comunicacional, que es el modelo cubano a largo plazo, y ha ido cerrando las ventanas de\u00a0<strong>libertad de expresi\u00f3n\u00a0<\/strong>y prensa.<\/p>\n<p>Apagaron la televisi\u00f3n, despu\u00e9s la radio, luego los peri\u00f3dicos impresos, quitaron el papel y ahora van contra las p\u00e1ginas digitales. Van comprando medios con dinero p\u00fablico y acosando y atacando a los medios y los terminan cerrando.<\/p>\n<p>Hemos resistido y seguiremos resistiendo. Somos y seguiremos siendo baluartes de\u00a0<strong>resistencia informativa<\/strong>.<\/p>\n<p>Nos pueden quitar el edificio, la rotativa y lo que quieran, pero no nos pueden quitar la web, que la podemos hacer en Australia si nos da la gana. Lo m\u00e1s que pueden bloquearla y no totalmente, sino parcial y puntualmente. No hay manera de que nos apaguen definitivamente.<\/p>\n<p>Nos quitar\u00e1n todo, menos las ansias de\u00a0<strong>libertad en Venezuela<\/strong>. Seguiremos informando. Estoy seguro de que alg\u00fan d\u00eda aquello va a caer y publicaremos un gran titular: \u201cVenezuela regresa a la democracia\u201d.<\/p>\n<p><strong>\u2014\u00bfPagar\u00e1 la indemnizaci\u00f3n?<\/strong><\/p>\n<p>\u2014Pueden ir a cobrar. Les decimos que no tenemos dinero y nos embargan. Pondremos\u00a0<strong>obst\u00e1culos legales<\/strong>. Preveo que sea muy r\u00e1pido o medianamente r\u00e1pido y nunca que dure a\u00f1os.<\/p>\n<p>Esta decisi\u00f3n es de un Tribunal sin ruta de apelaci\u00f3n y est\u00e1 controlado por Cabello. Es su tribunal. Trataremos de desvirtuar un proceso totalmente viciado de irregularidades anticonstitucionales. Es dif\u00edcil lograr que eso se voltee.<\/p>\n<p><strong>\u2014\u00bfQu\u00e9 se mostr\u00f3 del nexo Cabello-narcotr\u00e1fico?<\/strong><\/p>\n<p>\u2014La informaci\u00f3n por la que nos demand\u00f3 la tomamos de\u00a0<strong>agencias noticiosas\u00a0<\/strong>acerca de que era investigado por narcotr\u00e1fico por un fiscal federal de Nueva York. El jefe de escoltas de Cabello mostr\u00f3 pruebas y tres a\u00f1os despu\u00e9s la\u00a0<strong>DEA\u00a0<\/strong>(agencia antidroga de Estados Unidos) acus\u00f3 de narcotr\u00e1fico a Cabello con una recompensa de m\u00e1s de 10 millones de d\u00f3lares sobre su cabeza.<\/p>\n<p>Eso mostr\u00f3 que la noticia fue cierta. Si Cabello dijo que lo difamamos porque dijimos que lo estaban investigando y tres a\u00f1os despu\u00e9s aparecen una acusaci\u00f3n en su contra y la recompensa, la noticia era cierta.<\/p>\n<p>Por eso el juicio penal no avanza. \u00bfC\u00f3mo hacer con esa realidad tan espantosa para \u00e9l de que lo que dijo que era mentira se prob\u00f3 que era absolutamente cierto?<\/p>\n<p>Publicamos un hecho cierto, que era investigado, no que sea falso o cierto lo del\u00a0<strong>narcotr\u00e1fico<\/strong>. Cabello no puede salir de Venezuela. Si sale, lo buscar\u00e1n porque la recompensa es mucho dinero.<\/p>\n<p><strong>\u2014\u00bfC\u00f3mo ve el futuro del peri\u00f3dico?<\/strong><\/p>\n<p>\u2014Estamos s\u00f3lo en web, pero el futuro no es ese, sino que cuando el r\u00e9gimen caiga nos levantaremos como el\u00a0<strong>Ave F\u00e9nix<\/strong>. Tendremos nuestro impreso y ellos no pueden evitar el futuro ni que seguiremos haciendo periodismo cr\u00edtico.<\/p>\n<p><strong>\u2014\u00bfQu\u00e9 puede hacer la comunidad internacional por el diario?<\/strong><\/p>\n<p>\u2014Estamos explic\u00e1ndole al mundo la arbitrariedad de los\u00a0<strong>jueces venezolanos<\/strong>, de un tribunal que funciona por instrucciones de un funcionario sin nexo con el sistema judicial y de la no separaci\u00f3n de poderes. Pedimos a\u00a0<strong>organismos internacionales<\/strong>, multilaterales, interamericanos que tomen medidas cautelares. Tampoco se evita ejecutar la sentencia. Pueden no ejecutarla si hay fracturas internas en el gobierno y si la Sala Constitucional se da cuenta de la gran cantidad de irregularidades.<\/p>\n<p><strong>\u2014\u00bfCree que la condena exacerba la crisis venezolana?<\/strong><\/p>\n<p>\u2014Ellos se han reunido con empresarios privados para que inviertan en Venezuela y que les dan\u00a0<strong>seguridad jur\u00eddica<\/strong>. Pero el caso contra <strong>El Nacional<\/strong> les tumb\u00f3 la seguridad jur\u00eddica. Si un tribunal dictamina una indemnizaci\u00f3n de ese monto, sin justificaci\u00f3n y porque lo llam\u00f3 el gobierno para decirle que lo hiciera, otra empresa dice: <strong>\u201cNos puede pasar lo mismo. Nos miraron mal, van al Tribunal y nos meten una indemnizaci\u00f3n\u00a0que nos quiebre\u201d<\/strong>. Con lo de\u00a0<strong>El Nacional <\/strong>se les cae la seguridad jur\u00eddica y eso tiene mucha repercusi\u00f3n para ellos.<\/p>\n<\/div>\n<\/div>\n<\/div>\n<\/div>\n","protected":false},"excerpt":{"rendered":"<p>\u201cVamos a seguir resistiendo\u201d, dice, luego de que el diario fue condenado por el r\u00e9gimen de Nicol\u00e1s Maduro a indemnizar con 13,3 millones de d\u00f3lares a Diosdado Cabello Miguel\u00a0Henrique Otero Castillo,\u00a0presidente y director del\u00a0peri\u00f3dico\u00a0El Nacional,\u00a0de Venezuela, vive entre un sue\u00f1o&hellip;<\/p>\n","protected":false},"author":1,"featured_media":2380,"comment_status":"closed","ping_status":"closed","sticky":false,"template":"","format":"standard","meta":{"footnotes":""},"categories":[25,13],"tags":[],"class_list":["post-2379","post","type-post","status-publish","format-standard","has-post-thumbnail","hentry","category-noticias","category-prensas","entry","has-media"],"_links":{"self":[{"href":"https:\/\/venamerica.org\/home\/wp-json\/wp\/v2\/posts\/2379","targetHints":{"allow":["GET"]}}],"collection":[{"href":"https:\/\/venamerica.org\/home\/wp-json\/wp\/v2\/posts"}],"about":[{"href":"https:\/\/venamerica.org\/home\/wp-json\/wp\/v2\/types\/post"}],"author":[{"embeddable":true,"href":"https:\/\/venamerica.org\/home\/wp-json\/wp\/v2\/users\/1"}],"replies":[{"embeddable":true,"href":"https:\/\/venamerica.org\/home\/wp-json\/wp\/v2\/comments?post=2379"}],"version-history":[{"count":0,"href":"https:\/\/venamerica.org\/home\/wp-json\/wp\/v2\/posts\/2379\/revisions"}],"wp:featuredmedia":[{"embeddable":true,"href":"https:\/\/venamerica.org\/home\/wp-json\/wp\/v2\/media\/2380"}],"wp:attachment":[{"href":"https:\/\/venamerica.org\/home\/wp-json\/wp\/v2\/media?parent=2379"}],"wp:term":[{"taxonomy":"category","embeddable":true,"href":"https:\/\/venamerica.org\/home\/wp-json\/wp\/v2\/categories?post=2379"},{"taxonomy":"post_tag","embeddable":true,"href":"https:\/\/venamerica.org\/home\/wp-json\/wp\/v2\/tags?post=2379"}],"curies":[{"name":"wp","href":"https:\/\/api.w.org\/{rel}","templated":true}]}}