 
{"id":2495,"date":"2021-05-18T00:20:12","date_gmt":"2021-05-18T00:20:12","guid":{"rendered":"http:\/\/venamerica.org\/home\/?p=2495"},"modified":"2021-05-18T00:20:12","modified_gmt":"2021-05-18T00:20:12","slug":"tareas-inconclusas","status":"publish","type":"post","link":"https:\/\/venamerica.org\/home\/tareas-inconclusas\/","title":{"rendered":"Tareas inconclusas"},"content":{"rendered":"<div id=\"attachment_2498\" style=\"width: 691px\" class=\"wp-caption alignnone\"><img fetchpriority=\"high\" decoding=\"async\" aria-describedby=\"caption-attachment-2498\" class=\"wp-image-2498 size-full\" src=\"https:\/\/venamerica.org\/home\/wp-content\/uploads\/2021\/05\/consejo_ministros.jpg\" alt=\"\" width=\"681\" height=\"375\" srcset=\"https:\/\/venamerica.org\/home\/wp-content\/uploads\/2021\/05\/consejo_ministros.jpg 681w, https:\/\/venamerica.org\/home\/wp-content\/uploads\/2021\/05\/consejo_ministros-300x165.jpg 300w, https:\/\/venamerica.org\/home\/wp-content\/uploads\/2021\/05\/consejo_ministros-350x193.jpg 350w\" sizes=\"(max-width: 681px) 100vw, 681px\" \/><p id=\"caption-attachment-2498\" class=\"wp-caption-text\">Foto: elvenezolanonews.com<\/p><\/div>\n<p>Por: Neuro J. Villalobos Rinc\u00f3n<br \/>\n<a href=\"mailto:nevillarin@gmail.com\" target=\"_blank\" rel=\"noopener\">nevillarin@gmail.com<\/a><\/p>\n<p><span style=\"font-size: 18px;\"><em><strong>\u201cLa pol\u00edtica no es m\u00e1s que el conjunto de las razones para obedecer y de las razones para sublevarse.\u201d<\/strong><br \/>\n<\/em>Fernando Savater.<\/span><\/p>\n<p>Envalentonado por tener el monopolio de las armas y hacer un manejo inescrupuloso de los recursos de todos los venezolanos,<strong> el r\u00e9gimen se ha colocado al margen de la Constituci\u00f3n, de la legalidad y de la ilegitimidad, c<\/strong>ada vez que le ha dado la gana. Ha ido construyendo una armaz\u00f3n jur\u00eddica que responde a una realidad distinta a la que se propuso el pueblo democr\u00e1tico de Venezuela.<\/p>\n<p>Aqu\u00ed no votamos nunca por una revoluci\u00f3n socialista, mucho menos marxista o comunista; sin embargo, el r\u00e9gimen h\u00e1bil y ladinamente se ha burlado no s\u00f3lo de los venezolanos, sino del mundo entero, hasta el <strong>Papa Francisco <\/strong>parece haber sido atrapado por las redes del enga\u00f1o de quienes han mostrado claramente sus inclinaciones marxistas, y adem\u00e1s, fascistas y nazistas, con las cuales aspiran eternizarse en el poder de manera autoritaria, destruyendo la institucionalidad democr\u00e1tica e intentando armar un inoperante estado comunal que nos coloca a espaldas de la modernidad.<\/p>\n<p>Fu\u00e9 Arnold Toynbee quien en alguna ocasi\u00f3n dijo que<strong> \u201cla raz\u00f3n psicol\u00f3gica permanente para aceptar la dictadura es la circunstancia de que la dictadura exime a todos los individuos del tormento de tener que tomar decisiones importantes.\u201d<\/strong><\/p>\n<p>En d\u00edas pasados, el liderazgo de la oposici\u00f3n encabezado por Guaid\u00f3 propuso un \u201cAcuerdo de Salvaci\u00f3n Nacional\u201d\u00a0 seg\u00fan el cual los aliados dem\u00f3cratas del mundo, junto a una recomposici\u00f3n de la unidad opositora, llaman a negociar con el r\u00e9gimen envilecido, mentiroso y cruel que nos oprime, mediante el cumplimiento de condiciones previas, buscando una salida <strong>\u201cdemocr\u00e1tica\u201d <\/strong>a la crisis que nos agobia, que junto a la pandemia sobrevenida, est\u00e1 causando m\u00e1s muertes que en una guerra \u201cconvencional\u201d.<\/p>\n<p>A ese respecto, es bueno tener presente lo que Erich Fromm sentenci\u00f3: <strong>\u201cNo debemos confiar en que nadie nos salve, sino conocer bien el hecho de que las elecciones err\u00f3neas nos hacen incapaces de salvarnos.\u201d<\/strong> El momento es crucial para Venezuela. Se trata de corregir el error hist\u00f3rico de haber permitido democr\u00e1ticamente que alguien se apropiara del poder con la intenci\u00f3n de destruir la democracia y construir una f\u00e9rrea dictadura, que es el gui\u00f3n que est\u00e1 en boga en Am\u00e9rica Latina por estos tiempos.<\/p>\n<p>Personalmente no creo en un cambio en la l\u00ednea de conducta de los mismos actores pol\u00edticos de hace m\u00e1s de veinte a\u00f1os. Hemos sido testigos excepcionales en un per\u00edodo fatal para la historia del pa\u00eds, que no basta con acumular riquezas para construir patria, ni di\u00e1logos lisonjeros y seductores que s\u00f3lo favorecen a un r\u00e9gimen abyecto. <strong>Se necesitan ideales de cultura para que haya Patria. Hay que taparse los o\u00eddos para no sucumbir a la seducci\u00f3n de una perspectiva de beneficio particular o grupal.\u00a0<\/strong><\/p>\n<p>Debemos sacudirnos el miedo y reforzar nuestra convicci\u00f3n democr\u00e1tica para estar por encima de la estrecha y peligrosa visi\u00f3n de eternizarse en el poder que es la m\u00e1xima aspiraci\u00f3n del r\u00e9gimen. La salvaci\u00f3n nacional sigue siendo la ruta que nos trazamos hacia el fin de la usurpaci\u00f3n, conformar un gobierno de transici\u00f3n para llamar a unas elecciones libres, justas y transparentes. La lucha es entre democracia y dictadura. Tenemos que concluir las tareas que una vez nos propusiera el Dr. Oscar Arias.<strong> La primera de ellas es superar el invierno de la corrupci\u00f3n; la segunda, es sacudirse los miedos de la democracia, y la tercera, asumir como propio el renacer o lo que \u00e9l denomin\u00f3 la primavera de la \u00e9tica.<\/strong><\/p>\n","protected":false},"excerpt":{"rendered":"<p>Por: Neuro J. Villalobos Rinc\u00f3n nevillarin@gmail.com \u201cLa pol\u00edtica no es m\u00e1s que el conjunto de las razones para obedecer y de las razones para sublevarse.\u201d Fernando Savater. Envalentonado por tener el monopolio de las armas y hacer un manejo inescrupuloso&hellip;<\/p>\n","protected":false},"author":1,"featured_media":2498,"comment_status":"closed","ping_status":"closed","sticky":false,"template":"","format":"standard","meta":{"footnotes":""},"categories":[26],"tags":[],"class_list":["post-2495","post","type-post","status-publish","format-standard","has-post-thumbnail","hentry","category-opinion","entry","has-media"],"_links":{"self":[{"href":"https:\/\/venamerica.org\/home\/wp-json\/wp\/v2\/posts\/2495","targetHints":{"allow":["GET"]}}],"collection":[{"href":"https:\/\/venamerica.org\/home\/wp-json\/wp\/v2\/posts"}],"about":[{"href":"https:\/\/venamerica.org\/home\/wp-json\/wp\/v2\/types\/post"}],"author":[{"embeddable":true,"href":"https:\/\/venamerica.org\/home\/wp-json\/wp\/v2\/users\/1"}],"replies":[{"embeddable":true,"href":"https:\/\/venamerica.org\/home\/wp-json\/wp\/v2\/comments?post=2495"}],"version-history":[{"count":0,"href":"https:\/\/venamerica.org\/home\/wp-json\/wp\/v2\/posts\/2495\/revisions"}],"wp:featuredmedia":[{"embeddable":true,"href":"https:\/\/venamerica.org\/home\/wp-json\/wp\/v2\/media\/2498"}],"wp:attachment":[{"href":"https:\/\/venamerica.org\/home\/wp-json\/wp\/v2\/media?parent=2495"}],"wp:term":[{"taxonomy":"category","embeddable":true,"href":"https:\/\/venamerica.org\/home\/wp-json\/wp\/v2\/categories?post=2495"},{"taxonomy":"post_tag","embeddable":true,"href":"https:\/\/venamerica.org\/home\/wp-json\/wp\/v2\/tags?post=2495"}],"curies":[{"name":"wp","href":"https:\/\/api.w.org\/{rel}","templated":true}]}}