 
{"id":2633,"date":"2021-06-30T15:20:18","date_gmt":"2021-06-30T15:20:18","guid":{"rendered":"http:\/\/venamerica.org\/home\/?p=2633"},"modified":"2021-06-30T15:20:18","modified_gmt":"2021-06-30T15:20:18","slug":"batalla-de-carabobo-hoy","status":"publish","type":"post","link":"https:\/\/venamerica.org\/home\/batalla-de-carabobo-hoy\/","title":{"rendered":"Batalla de Carabobo hoy"},"content":{"rendered":"<p>Por <strong>SJ. Luis Ugalde<\/strong><\/p>\n<p>junio 30, 2021<\/p>\n<p><a href=\"https:\/\/www.elnacional.com\/opinion\/batalla-de-carabobo-hoy\/\" target=\"_blank\" rel=\"noopener\">https:\/\/www.elnacional.com\/opinion\/batalla-de-carabobo-hoy\/<\/a><\/p>\n<p>Hoy es m\u00e1s necesario que nunca la batalla por la liberaci\u00f3n de una Venezuela con 5 millones de expulsados en necesidad, m\u00e1s de 80% en pobreza con salarios de hambre devorados por la hiperinflaci\u00f3n, con las empresas al 20% de su capacidad productiva, el conjunto del PIB reducido al 25%, con las libertades perdidas, la Constituci\u00f3n sistem\u00e1ticamente violada por el r\u00e9gimen dictatorial aferrado al poder represivo y con incapacidad de hacer buen gobierno<\/p>\n<p>La verdadera celebraci\u00f3n de la batalla liberadora del dominio espa\u00f1ol es la que conduce al fin de la opresi\u00f3n reinante. En la misa del 20 de junio, con la comunidad de un apartado barrio de La Vega con la que comparto desde hace 34 a\u00f1os mi vida cristiana como sacerdote, al leer el Evangelio donde Jes\u00fas nos invita a navegar a la \u201cotra orilla del lago\u201d, pregunt\u00e9 a los sencillos cristianos de la comunidad cu\u00e1l cre\u00edan que deb\u00eda ser la otra orilla del infierno que vivimos. La coincidencia fue arrolladora. Necesitamos un pa\u00eds donde haya:<\/p>\n<p>1- Seguridad, paz y convivencia entre diferentes.<\/p>\n<p>2- Con servicios p\u00fablicos de salud accesibles a toda la poblaci\u00f3n. En contraste con el desamparo actual frente a la pandemia y las dem\u00e1s enfermedades y necesidades sanitarias normales.<\/p>\n<p>3- Que haya trabajo productivo y bien remunerado para todos, de manera que nadie tenga que llegar a su casa con las manos vac\u00edas y l\u00e1grimas en los ojos ante sus hijos hambrientos.<\/p>\n<p>4- Con acceso a educaci\u00f3n buena desde el maternal hasta la universidad, hoy toda en ruinas con escuelas y universidades abandonadas y en parte saqueadas. Tal vez fui yo quien m\u00e1s insisti\u00f3 en la educaci\u00f3n de nueva calidad m\u00e1s orientada a formar productores que al acceso al reparto de la renta petrolera. Nueva calidad tambi\u00e9n en la siembra de valores de convivencia y ciudadan\u00eda. De nada sirve la capacitaci\u00f3n productiva si al mismo tiempo no se crean oportunidades reales para que m\u00e1s de 10 millones de venezolanos sean productivos. Esto requiere un nuevo emprendimiento con inversiones multimillonarias.<\/p>\n<p>Carabobo no fue un milagro sino una confluencia de fuerzas diversas que lograron una trabajosa coordinaci\u00f3n superior de los ej\u00e9rcitos del Sur (P\u00e1ez), Oriente (Berm\u00fadez\u2026) y Norte, reforzados desde 1815 por el apoyo internacional en armamento, disciplina militar y voluntarios como los del batall\u00f3n Cazadores Brit\u00e1nicos y otros.<\/p>\n<p>No menos importante fue el des\u00e1nimo y el sinsentido que iba creciendo en las tropas y jefes espa\u00f1oles, superiores en n\u00famero pero carentes de motivaci\u00f3n a partir de 1820, y buscando salidas desde el abrazo de Bol\u00edvar y Murillo en Santa Ana ese mismo a\u00f1o.<\/p>\n<p>El a\u00f1o 1814 fue el m\u00e1s desastroso y terrible en toda la lucha de nuestra independencia. Bol\u00edvar derrotado y acusado por los propios patriotas reconoce en el Manifiesto de Car\u00fapano que quienes lo derrotan son nativos: \u201dVuestros hermanos y no los espa\u00f1oles han desgarrado vuestro seno, derramado vuestra sangre, incendiado vuestros hogares y os han condenado a la expatriaci\u00f3n\u201d (Bol\u00edvar, Car\u00fapano 7-9-1814).<\/p>\n<p>El espa\u00f1ol Boves sin tropas espa\u00f1olas avanz\u00f3 arrasando con llaneros mestizos curtidos por el sol que ve\u00edan como sus enemigos a los blancos mantuanos y no al rey. Un a\u00f1o despu\u00e9s llega Morillo con una numerosa tropa profesional y curtida y se impone inicialmente, pero pronto descubre que el apoyo de la poblaci\u00f3n de oriente, los Llanos y Caracas\u2026 lo ha abandonado para sumarse a la causa de la Independencia\u2026<\/p>\n<p>Miles cambiaron de bando, como hoy millones est\u00e1n desilusionados de la \u201crevoluci\u00f3n\u201d en la que creyeron. Como ayer el dominio de Espa\u00f1a, hoy est\u00e1 perdida la \u201crevoluci\u00f3n\u201d de las promesas pues la poblaci\u00f3n experimenta que ella es opresi\u00f3n dictatorial y miseria. Hoy como entonces seremos los venezolanos con apoyos internacionales los que lograremos una democracia inclusiva, productiva y social con los 4 puntos que son imposibles sin decidido y profundo cambio pol\u00edtico.<\/p>\n<p>El derrotado general espa\u00f1ol De La Torre pudo lograr una retirada en orden y con pocas bajas hacia Puerto Cabello de soldados deseosos de regresar a su tierra. Quedaba el reto exigente de construir la Venezuela tan magistralmente justificada y dise\u00f1ada 10 a\u00f1os antes por los l\u00edderes civiles tan sobresalientes como el mestizo Juan Germ\u00e1n Roscio y otros. Esta es nuestra batalla civil hoy: que Venezuela renazca en democracia y prosperidad.<\/p>\n","protected":false},"excerpt":{"rendered":"<p>Por SJ. Luis Ugalde junio 30, 2021 https:\/\/www.elnacional.com\/opinion\/batalla-de-carabobo-hoy\/ Hoy es m\u00e1s necesario que nunca la batalla por la liberaci\u00f3n de una Venezuela con 5 millones de expulsados en necesidad, m\u00e1s de 80% en pobreza con salarios de hambre devorados por&hellip;<\/p>\n","protected":false},"author":1,"featured_media":2634,"comment_status":"closed","ping_status":"closed","sticky":false,"template":"","format":"standard","meta":{"footnotes":""},"categories":[26],"tags":[],"class_list":["post-2633","post","type-post","status-publish","format-standard","has-post-thumbnail","hentry","category-opinion","entry","has-media"],"_links":{"self":[{"href":"https:\/\/venamerica.org\/home\/wp-json\/wp\/v2\/posts\/2633","targetHints":{"allow":["GET"]}}],"collection":[{"href":"https:\/\/venamerica.org\/home\/wp-json\/wp\/v2\/posts"}],"about":[{"href":"https:\/\/venamerica.org\/home\/wp-json\/wp\/v2\/types\/post"}],"author":[{"embeddable":true,"href":"https:\/\/venamerica.org\/home\/wp-json\/wp\/v2\/users\/1"}],"replies":[{"embeddable":true,"href":"https:\/\/venamerica.org\/home\/wp-json\/wp\/v2\/comments?post=2633"}],"version-history":[{"count":0,"href":"https:\/\/venamerica.org\/home\/wp-json\/wp\/v2\/posts\/2633\/revisions"}],"wp:featuredmedia":[{"embeddable":true,"href":"https:\/\/venamerica.org\/home\/wp-json\/wp\/v2\/media\/2634"}],"wp:attachment":[{"href":"https:\/\/venamerica.org\/home\/wp-json\/wp\/v2\/media?parent=2633"}],"wp:term":[{"taxonomy":"category","embeddable":true,"href":"https:\/\/venamerica.org\/home\/wp-json\/wp\/v2\/categories?post=2633"},{"taxonomy":"post_tag","embeddable":true,"href":"https:\/\/venamerica.org\/home\/wp-json\/wp\/v2\/tags?post=2633"}],"curies":[{"name":"wp","href":"https:\/\/api.w.org\/{rel}","templated":true}]}}