 
{"id":2666,"date":"2021-07-10T14:37:55","date_gmt":"2021-07-10T14:37:55","guid":{"rendered":"http:\/\/venamerica.org\/home\/?p=2666"},"modified":"2021-07-10T14:37:55","modified_gmt":"2021-07-10T14:37:55","slug":"comunicado-de-ciciven-en-rechazo-a-la-detencion-arbitraria-de-javier-tarazona-y-sus-acompanantes","status":"publish","type":"post","link":"https:\/\/venamerica.org\/home\/comunicado-de-ciciven-en-rechazo-a-la-detencion-arbitraria-de-javier-tarazona-y-sus-acompanantes\/","title":{"rendered":"Comunicado de CICIVEN en rechazo a la detenci\u00f3n arbitraria de Javier Tarazona y sus acompa\u00f1antes"},"content":{"rendered":"<p><img decoding=\"async\" class=\"size-full wp-image-1293 aligncenter\" src=\"https:\/\/venamerica.org\/home\/wp-content\/uploads\/2020\/09\/ciciven.png\" alt=\"\" width=\"207\" height=\"138\" \/><\/p>\n<p>El Comit\u00e9 Internacional Contra la Impunidad en Venezuela, CICIVEN, en vista de la detenci\u00f3n arbitraria por el r\u00e9gimen criminal de Nicol\u00e1s Maduro del activista de Derechos Humanos y director de FUNDAREDES Javier Tarazona, junto a su hermano Rafael y el abogado Omar de Dios Garc\u00eda,<\/p>\n<p style=\"text-align: center;\"><strong>CONSIDERANDO<\/strong><\/p>\n<p>Que Javier Tarazona ha asumido valientemente la defensa de los Derechos Humanos en nuestro pa\u00eds y ha denunciado irregularidades, delitos y cr\u00edmenes en la frontera terrestre entre Venezuela y Colombia, con participaci\u00f3n de grupos irregulares y del r\u00e9gimen de Maduro, y que el usurpador de la Fiscal\u00eda General de la Rep\u00fablica, Tarek William Saab, en vez de ordenar una investigaci\u00f3n sobre las denuncias, solicita a un \u201ctribunal antiterrorismo\u201d la detenci\u00f3n arbitraria, la cual se realiz\u00f3 cuando Tarazona sal\u00eda de la sede del Ministerio P\u00fablico en Coro, Estado Falc\u00f3n, olvidando que el Ministerio P\u00fablico debe ser garante del Estado de Derecho.<\/p>\n<p style=\"text-align: center;\"><strong>CONSIDERANDO<\/strong><\/p>\n<p>Que el narco r\u00e9gimen impuesto por la fuerza en Venezuela no cesa de perseguir, acosar, detener arbitrariamente y hacer da\u00f1o a quienes denuncian sus tropel\u00edas, mientras que narcotraficantes, corruptos, criminales, El Koki y otros delinquen impunemente,<\/p>\n<p style=\"text-align: center;\"><strong>ACUERDA<\/strong><\/p>\n<p><strong>Primero: <\/strong>Rechazar la detenci\u00f3n arbitraria de Javier Tarazona y sus acompa\u00f1antes, y exigir su inmediata y plena libertad.<\/p>\n<p><strong>Segundo<\/strong>: Requerir a los organismos internacionales, especialmente a la Comisi\u00f3n Interamericana de Derechos Humanos de la OEA -que en julio de 2020 dict\u00f3 la medida cautelar Nro. 30, por la cual acuerda protecci\u00f3n de libertad y seguridad personal de Tarazona- que ratifique su medida cautelar y exija su cumplimiento.<\/p>\n<p><strong>Tercero<\/strong>: Respaldar el llamado de la Alta Comisionada de las Naciones Unidas, Michelle Bachelet, al exigir la inmediata libertad de Tarazona, al igual que lo han hecho la Conferencia Episcopal Venezolana y numerosas organizaciones hermanas, defensoras de los Derechos Humanos.<\/p>\n<p><strong>Cuarto:<\/strong> Ratificar nuestra solidaridad con Javier Tarazona, sus acompa\u00f1antes detenidos y sus familiares, tambi\u00e9n afectados por estas medidas arbitrarias, y con FUNDAREDES, valiente ONG, reconocida internacionalmente por su rectitud.<\/p>\n<p>En Miami, a los nueve d\u00edas del mes de Julio de dos mil veintiuno.<\/p>\n<p>La Junta Directiva, Luis Corona, V\u00edctor Rodr\u00edguez, Jos\u00e9 E. Castellanos, Silvia Schanely, Wilfredo Castro y<\/p>\n<p style=\"text-align: center;\">William C\u00e1rdenas Rubio<br \/>\n<em>Presidente<\/em><\/p>\n<p style=\"text-align: center;\">Paciano Padr\u00f3n<br \/>\n<em>Vicepresidente<\/em><\/p>\n<p style=\"text-align: center;\"><em>Walter M\u00e1rquez<\/em><br \/>\n<em>Director General<\/em><\/p>\n<p style=\"text-align: center;\"><strong>E-Mail:\u00a0\u00a0 <\/strong><a href=\"mailto:ciciven.justicia@gmail.com\"><strong>ciciven.justicia@gmail.com<\/strong><\/a><\/p>\n","protected":false},"excerpt":{"rendered":"<p>El Comit\u00e9 Internacional Contra la Impunidad en Venezuela, CICIVEN, en vista de la detenci\u00f3n arbitraria por el r\u00e9gimen criminal de Nicol\u00e1s Maduro del activista de Derechos Humanos y director de FUNDAREDES Javier Tarazona, junto a su hermano Rafael y el&hellip;<\/p>\n","protected":false},"author":1,"featured_media":1297,"comment_status":"closed","ping_status":"closed","sticky":false,"template":"","format":"standard","meta":{"footnotes":""},"categories":[16,28],"tags":[],"class_list":["post-2666","post","type-post","status-publish","format-standard","has-post-thumbnail","hentry","category-comunicacion","category-comunicados","entry","has-media"],"_links":{"self":[{"href":"https:\/\/venamerica.org\/home\/wp-json\/wp\/v2\/posts\/2666","targetHints":{"allow":["GET"]}}],"collection":[{"href":"https:\/\/venamerica.org\/home\/wp-json\/wp\/v2\/posts"}],"about":[{"href":"https:\/\/venamerica.org\/home\/wp-json\/wp\/v2\/types\/post"}],"author":[{"embeddable":true,"href":"https:\/\/venamerica.org\/home\/wp-json\/wp\/v2\/users\/1"}],"replies":[{"embeddable":true,"href":"https:\/\/venamerica.org\/home\/wp-json\/wp\/v2\/comments?post=2666"}],"version-history":[{"count":0,"href":"https:\/\/venamerica.org\/home\/wp-json\/wp\/v2\/posts\/2666\/revisions"}],"wp:featuredmedia":[{"embeddable":true,"href":"https:\/\/venamerica.org\/home\/wp-json\/wp\/v2\/media\/1297"}],"wp:attachment":[{"href":"https:\/\/venamerica.org\/home\/wp-json\/wp\/v2\/media?parent=2666"}],"wp:term":[{"taxonomy":"category","embeddable":true,"href":"https:\/\/venamerica.org\/home\/wp-json\/wp\/v2\/categories?post=2666"},{"taxonomy":"post_tag","embeddable":true,"href":"https:\/\/venamerica.org\/home\/wp-json\/wp\/v2\/tags?post=2666"}],"curies":[{"name":"wp","href":"https:\/\/api.w.org\/{rel}","templated":true}]}}