 
{"id":2721,"date":"2021-07-28T18:45:15","date_gmt":"2021-07-28T18:45:15","guid":{"rendered":"http:\/\/venamerica.org\/home\/?p=2721"},"modified":"2021-07-28T18:47:25","modified_gmt":"2021-07-28T18:47:25","slug":"los-venezolanos-en-la-diaspora-defendemos-nuestros-derechos-humanos","status":"publish","type":"post","link":"https:\/\/venamerica.org\/home\/los-venezolanos-en-la-diaspora-defendemos-nuestros-derechos-humanos\/","title":{"rendered":"Los venezolanos en la di\u00e1spora defendemos nuestros Derechos Humanos"},"content":{"rendered":"<p><img fetchpriority=\"high\" decoding=\"async\" class=\" wp-image-1974 aligncenter\" src=\"https:\/\/venamerica.org\/home\/wp-content\/uploads\/2021\/01\/diario-venam.jpg\" alt=\"\" width=\"580\" height=\"134\" \/><\/p>\n<p><span style=\"font-size: 18px;\"><strong>Los 4 millones de venezolanos mayores de edad que, por una u otra raz\u00f3n, nos encontramos en un pa\u00eds distinto al nuestro, en situaci\u00f3n migratoria regular o irregular, tenemos total derecho constitucional al pleno ejercicio de nuestra ciudadan\u00eda en relaci\u00f3n con Venezuela<\/strong><\/span><\/p>\n<p>* Paciano Padr\u00f3n<br \/>\n** Luis Corona<\/p>\n<p><a href=\"https:\/\/www.diariolasamericas.com\/opinion\/los-venezolanos-la-diaspora-defendemos-nuestros-derechos-humanos-n4228088s\" target=\"_blank\" rel=\"noopener\">https:\/\/www.diariolasamericas.com\/opinion\/los-venezolanos-la-diaspora-defendemos-nuestros-derechos-humanos-n4228088s<\/a><br \/>\n27 de julio de 2021<\/p>\n<p>\u201cTenemos pleno derecho a la \u2018participaci\u00f3n y protagonismo del pueblo en ejercicio de su soberan\u00eda\u2019 y lo vamos a ejercer\u201d. As\u00ed comienza el documento que, el pasado fin de semana, hicimos p\u00fablico 45 organizaciones de la sociedad civil venezolana en las Am\u00e9ricas y Europa.<\/p>\n<p>Los 4 millones de\u00a0<a href=\"https:\/\/www.diariolasamericas.com\/venezolanos-a8435\">venezolanos<\/a>\u00a0mayores de edad que, por una u otra raz\u00f3n, nos encontramos en un pa\u00eds distinto al nuestro, en situaci\u00f3n migratoria regular o irregular, tenemos total derecho constitucional al pleno ejercicio de nuestra ciudadan\u00eda en relaci\u00f3n con\u00a0<a href=\"https:\/\/www.diariolasamericas.com\/venezuela-a6111\">Venezuela<\/a>, \u201cy estamos dispuestos a hacer lo que corresponda para participar en la formaci\u00f3n, ejecuci\u00f3n y control de la gesti\u00f3n p\u00fablica\u201d.<\/p>\n<p>En\u00a0<a href=\"https:\/\/www.diariolasamericas.com\/venamerica-a8394\">VenAm\u00e9rica<\/a>\u00a0surgi\u00f3 la idea inicial que compartimos con otras organizaciones, redactamos el borrador inicial del documento y obtuvimos la adhesi\u00f3n solidaria de organizaciones de venezolanos ubicados en Norteam\u00e9rica, en Canad\u00e1, Estados Unidos y M\u00e9xico, en Centro y Suram\u00e9rica, as\u00ed como en Europa, ya que por ning\u00fan lado se ve que el r\u00e9gimen, ni las personas que ocupan el poder electoral en Venezuela, est\u00e9n planificando garantizar el derecho inalienable de la participaci\u00f3n pol\u00edtica, de los ciudadanos venezolanos que hacemos vida en el exterior.<\/p>\n<p>El art\u00edculo 62 de nuestra Carta Magna -recordamos en el documento- establece que \u201cTodos los ciudadanos tienen el derecho de participar libremente en los asuntos p\u00fablicos\u201d. \u201cLa participaci\u00f3n del pueblo en la formaci\u00f3n, ejecuci\u00f3n y control de la gesti\u00f3n p\u00fablica es el medio necesario para lograr el protagonismo que garantice su completo desarrollo, tanto individual como colectivo\u201d. Concluye el art\u00edculo en comento: \u201cEs obligaci\u00f3n del Estado y deber de la sociedad facilitar la generaci\u00f3n de las condiciones m\u00e1s favorables para su pr\u00e1ctica\u201d.<\/p>\n<p>El Estado venezolano tiene, pues, que \u201cfacilitar\u201d la participaci\u00f3n electoral de quienes estamos en el exterior, y es nuestro \u201cdeber\u201d, como sociedad civil, ayudar a generar \u201clas condiciones m\u00e1s favorables\u201d para nuestra participaci\u00f3n pol\u00edtica. Actualmente, apenas algo m\u00e1s de cien mil venezolanos est\u00e1n inscritos en el Registro Electoral en pa\u00edses distintos a Venezuela, en consecuencia, la tarea es inmensa para inscribir, reubicar y actualizar a aproximadamente cuatro millones de nosotros que tenemos derecho a la participaci\u00f3n pol\u00edtica. No puede negarse a m\u00e1s de un 20% de los venezolanos el derecho al sufragio.<\/p>\n<p>Desde VenAm\u00e9rica y junto a las organizaciones de la sociedad civil venezolana en la di\u00e1spora, exigimos la inmediata atenci\u00f3n a este asunto, as\u00ed como respuesta de los organismos internacionales, los cuales est\u00e1n exigi\u00e9ndonos como salida a la grave crisis institucional, que efectuemos un proceso electoral justo, libre y transparente, el cual nunca ser\u00eda justo sin la participaci\u00f3n de los cuatro millones de los nuestros que estamos fuera del pa\u00eds, en edad y condiciones de votar, empujados por las circunstancias de la cual es responsable el r\u00e9gimen criminal que se impone a la fuerza en Venezuela, y cuyo \u00fanico prop\u00f3sito pareciera ser permanecer en el poder. Esto deber\u00eda ser objeto de las posibles negociaciones.<\/p>\n<p>\u201cNosotros defendemos nuestros derechos y comenzamos a actuar ya, tomando la decisi\u00f3n de organizarnos para concretar nuestra participaci\u00f3n en elecciones, en referendos, en consultas populares o en cualquier otro medio \u201cde participaci\u00f3n y protagonismo del pueblo en ejercicio de su soberan\u00eda\u201d, tal como lo establece el art\u00edculo 70 de nuestra Carta Magna.<\/p>\n<p>www.venamerica.org<\/p>\n<p>* Presidente de VenAm\u00e9rica<br \/>\n** Vicepresidente de VenAm\u00e9rica<\/p>\n","protected":false},"excerpt":{"rendered":"<p>Los 4 millones de venezolanos mayores de edad que, por una u otra raz\u00f3n, nos encontramos en un pa\u00eds distinto al nuestro, en situaci\u00f3n migratoria regular o irregular, tenemos total derecho constitucional al pleno ejercicio de nuestra ciudadan\u00eda en relaci\u00f3n&hellip;<\/p>\n","protected":false},"author":1,"featured_media":2592,"comment_status":"closed","ping_status":"closed","sticky":false,"template":"","format":"standard","meta":{"footnotes":""},"categories":[23],"tags":[],"class_list":["post-2721","post","type-post","status-publish","format-standard","has-post-thumbnail","hentry","category-diario-las-americas","entry","has-media"],"_links":{"self":[{"href":"https:\/\/venamerica.org\/home\/wp-json\/wp\/v2\/posts\/2721","targetHints":{"allow":["GET"]}}],"collection":[{"href":"https:\/\/venamerica.org\/home\/wp-json\/wp\/v2\/posts"}],"about":[{"href":"https:\/\/venamerica.org\/home\/wp-json\/wp\/v2\/types\/post"}],"author":[{"embeddable":true,"href":"https:\/\/venamerica.org\/home\/wp-json\/wp\/v2\/users\/1"}],"replies":[{"embeddable":true,"href":"https:\/\/venamerica.org\/home\/wp-json\/wp\/v2\/comments?post=2721"}],"version-history":[{"count":0,"href":"https:\/\/venamerica.org\/home\/wp-json\/wp\/v2\/posts\/2721\/revisions"}],"wp:featuredmedia":[{"embeddable":true,"href":"https:\/\/venamerica.org\/home\/wp-json\/wp\/v2\/media\/2592"}],"wp:attachment":[{"href":"https:\/\/venamerica.org\/home\/wp-json\/wp\/v2\/media?parent=2721"}],"wp:term":[{"taxonomy":"category","embeddable":true,"href":"https:\/\/venamerica.org\/home\/wp-json\/wp\/v2\/categories?post=2721"},{"taxonomy":"post_tag","embeddable":true,"href":"https:\/\/venamerica.org\/home\/wp-json\/wp\/v2\/tags?post=2721"}],"curies":[{"name":"wp","href":"https:\/\/api.w.org\/{rel}","templated":true}]}}