 
{"id":2955,"date":"2021-10-20T20:15:28","date_gmt":"2021-10-20T20:15:28","guid":{"rendered":"http:\/\/venamerica.org\/home\/?p=2955"},"modified":"2021-10-20T20:15:28","modified_gmt":"2021-10-20T20:15:28","slug":"corte-interamericana-de-derechos-humanos-celebro-su-144-periodo-de-sesiones","status":"publish","type":"post","link":"https:\/\/venamerica.org\/home\/corte-interamericana-de-derechos-humanos-celebro-su-144-periodo-de-sesiones\/","title":{"rendered":"Corte Interamericana de Derechos Humanos celebr\u00f3 su 144 per\u00edodo de sesiones"},"content":{"rendered":"<p>Corte Interamericana de Derechos Humanos celebr\u00f3 su 144 per\u00edodo de sesiones en el cual deliber\u00f3 sentencias sobre varios casos entre el que se encuentra el de\u00a0\u00a0Gonz\u00e1lez y otros\u00a0 Vs. Venezuela, presentado en 2019.\u00a0Anexo comunicado de prensa<\/p>\n<p style=\"text-align: center;\"><strong><span style=\"font-size: 18px;\">Comunicado<br \/>\n<\/span><\/strong><span style=\"font-size: 14px;\">Corte IDH_CP-74\/2021 Espa\u00f1ol<\/span><\/p>\n<p style=\"text-align: center;\"><img fetchpriority=\"high\" decoding=\"async\" class=\"alignnone size-full wp-image-77\" src=\"https:\/\/venamerica.org\/home\/wp-content\/uploads\/2020\/05\/corte_idh.jpg\" alt=\"\" width=\"700\" height=\"134\" srcset=\"https:\/\/venamerica.org\/home\/wp-content\/uploads\/2020\/05\/corte_idh.jpg 700w, https:\/\/venamerica.org\/home\/wp-content\/uploads\/2020\/05\/corte_idh-300x57.jpg 300w\" sizes=\"(max-width: 700px) 100vw, 700px\" \/><\/p>\n<p style=\"text-align: center;\"><span style=\"font-size: 18px;\"><strong>CORTE INTERAMERICANA DE DERECHOS HUMANOS CELEBR\u00d3<\/strong><\/span><br \/>\n<span style=\"font-size: 18px;\"><strong>SU 144 PER\u00cdODO ORDINARIO DE SESIONES<\/strong><\/span><\/p>\n<p style=\"text-align: center;\"><img decoding=\"async\" class=\"alignnone size-full wp-image-2957\" src=\"https:\/\/venamerica.org\/home\/wp-content\/uploads\/2021\/10\/cidh144.jpg\" alt=\"\" width=\"680\" height=\"317\" srcset=\"https:\/\/venamerica.org\/home\/wp-content\/uploads\/2021\/10\/cidh144.jpg 680w, https:\/\/venamerica.org\/home\/wp-content\/uploads\/2021\/10\/cidh144-300x140.jpg 300w, https:\/\/venamerica.org\/home\/wp-content\/uploads\/2021\/10\/cidh144-350x163.jpg 350w\" sizes=\"(max-width: 680px) 100vw, 680px\" \/><\/p>\n<p><em>San Jos\u00e9, Costa Rica, 19 de octubre de 2021.<\/em>&#8211;\u00a0La Corte Interamericana celebr\u00f3 del 20 de septiembre al 15 de octubre de 2021 su 144 Per\u00edodo Ordinario de Sesiones.<\/p>\n<p>La Corte sesion\u00f3 en forma virtual. Durante el Per\u00edodo, se deliberaron cinco Sentencias, se comenz\u00f3 la deliberaci\u00f3n de dos Sentencias y se celebraron audiencias de Supervisi\u00f3n de Cumplimiento de Sentencias. Asimismo, el Tribunal conoci\u00f3 diversos asuntos relacionados con medidas de Supervisi\u00f3n de Cumplimiento de Sentencia, Medidas Provisionales, y trat\u00f3 diferentes asuntos administrativos.<\/p>\n<p style=\"padding-left: 40px;\">I. Sentencias<\/p>\n<p>La Corte deliber\u00f3 Sentencias en los siguientes Casos Contenciosos, las que ser\u00e1n notificadas pr\u00f3ximamente y estar\u00e1n disponibles\u00a0<a href=\"https:\/\/c4873.tv3.masterbase.com\/MB\/43BE8FF8FC213E8AFDF5C6C0803C9A652E6CDFC13A12FDC22D75F55F3F8633A2732F833AC3E74780F4F52D68CBF4942296FF41BA13263CE18D525B511CFFA008F14E707643A9ACFEDD67D2C76BB2D2003B548099FACF1E4D01AE918707EF7B14A27A369FD52D2EAB9A2A048FFDC9928F5A03A92840954394254BE0E9661EB7B3762E37CC2A457AD5\" target=\"_blank\" rel=\"noopener\">aqu\u00ed<\/a>.<\/p>\n<p style=\"padding-left: 40px;\">a. Caso Gonz\u00e1lez y otros Vs. Venezuela<\/p>\n<p>El caso se relaciona con la alegada detenci\u00f3n ilegal y arbitraria de Olimpiades Gonz\u00e1lez y sus familiares Mar\u00eda Ang\u00e9lica Gonz\u00e1lez, Belkis Mirelis Gonz\u00e1lez, Fernando Gonz\u00e1lez, Wilmer Antonio Barliza y Luis Guillermo Gonz\u00e1lez, en noviembre de 1998 y enero de 1999, por parte de agentes estatales. Se alega que el tiempo en que cuatro de las presuntas v\u00edctimas estuvieron detenidas, bajo la figura de la detenci\u00f3n preventiva, result\u00f3 irrazonable debido a que su duraci\u00f3n no estuvo acompa\u00f1ada de una revisi\u00f3n peri\u00f3dica de la subsistencia de las razones convencionalmente v\u00e1lidas para mantenerla durante dicho per\u00edodo, as\u00ed como que los recursos presentados por las presuntas v\u00edctimas a efectos de cuestionar su detenci\u00f3n no fueron id\u00f3neos ni efectivos para obtener una debida protecci\u00f3n judicial. Adem\u00e1s, se arguye que se vulner\u00f3 el derecho de las presuntas v\u00edctimas, en su calidad de personas procesadas, a no estar junto con personas condenadas. Finalmente, se argumenta que el Estado es responsable por el asesinato de Olimpiades Gonz\u00e1lez en diciembre de 2006, puesto que el Estado aparentemente no realiz\u00f3 diligencias en el marco de una investigaci\u00f3n, no realiz\u00f3 un estudio de riesgo para conocer la situaci\u00f3n actual del se\u00f1or Gonz\u00e1lez y no adopt\u00f3 medidas de protecci\u00f3n a su favor.<\/p>\n<p>Detalles del caso <a href=\"https:\/\/venamerica.org\/home\/wp-content\/uploads\/2021\/10\/gonzalez_y_otros.pdf\" target=\"_blank\" rel=\"noopener\">anexo<\/a><\/p>\n","protected":false},"excerpt":{"rendered":"<p>Corte Interamericana de Derechos Humanos celebr\u00f3 su 144 per\u00edodo de sesiones en el cual deliber\u00f3 sentencias sobre varios casos entre el que se encuentra el de\u00a0\u00a0Gonz\u00e1lez y otros\u00a0 Vs. Venezuela, presentado en 2019.\u00a0Anexo comunicado de prensa Comunicado Corte IDH_CP-74\/2021 Espa\u00f1ol&hellip;<\/p>\n","protected":false},"author":1,"featured_media":2693,"comment_status":"closed","ping_status":"closed","sticky":false,"template":"","format":"standard","meta":{"footnotes":""},"categories":[28],"tags":[],"class_list":["post-2955","post","type-post","status-publish","format-standard","has-post-thumbnail","hentry","category-comunicados","entry","has-media"],"_links":{"self":[{"href":"https:\/\/venamerica.org\/home\/wp-json\/wp\/v2\/posts\/2955","targetHints":{"allow":["GET"]}}],"collection":[{"href":"https:\/\/venamerica.org\/home\/wp-json\/wp\/v2\/posts"}],"about":[{"href":"https:\/\/venamerica.org\/home\/wp-json\/wp\/v2\/types\/post"}],"author":[{"embeddable":true,"href":"https:\/\/venamerica.org\/home\/wp-json\/wp\/v2\/users\/1"}],"replies":[{"embeddable":true,"href":"https:\/\/venamerica.org\/home\/wp-json\/wp\/v2\/comments?post=2955"}],"version-history":[{"count":0,"href":"https:\/\/venamerica.org\/home\/wp-json\/wp\/v2\/posts\/2955\/revisions"}],"wp:featuredmedia":[{"embeddable":true,"href":"https:\/\/venamerica.org\/home\/wp-json\/wp\/v2\/media\/2693"}],"wp:attachment":[{"href":"https:\/\/venamerica.org\/home\/wp-json\/wp\/v2\/media?parent=2955"}],"wp:term":[{"taxonomy":"category","embeddable":true,"href":"https:\/\/venamerica.org\/home\/wp-json\/wp\/v2\/categories?post=2955"},{"taxonomy":"post_tag","embeddable":true,"href":"https:\/\/venamerica.org\/home\/wp-json\/wp\/v2\/tags?post=2955"}],"curies":[{"name":"wp","href":"https:\/\/api.w.org\/{rel}","templated":true}]}}