 
{"id":2996,"date":"2021-11-04T18:38:37","date_gmt":"2021-11-04T18:38:37","guid":{"rendered":"http:\/\/venamerica.org\/home\/?p=2996"},"modified":"2021-11-04T18:38:37","modified_gmt":"2021-11-04T18:38:37","slug":"llega-la-hora-de-la-justicia","status":"publish","type":"post","link":"https:\/\/venamerica.org\/home\/llega-la-hora-de-la-justicia\/","title":{"rendered":"Llega la hora de la justicia"},"content":{"rendered":"<p>\u201cEn nombre de VenAm\u00e9rica queremos expresar nuestra inmensa alegr\u00eda por la decisi\u00f3n tomada por el Fiscal de la CPI, Karim Khan de abrir la investigaci\u00f3n penal por los cr\u00edmenes de lesa humanidad cometidos por Nicol\u00e1s Maduro y sus c\u00f3mplices, y \u00a0lo anunci\u00f3 en el palacio de Miraflores\u201d afirm\u00f3 Paciano Padr\u00f3n, presidente de esta organizaci\u00f3n.<\/p>\n<p>Agreg\u00f3: \u201cDurante 18 a\u00f1os hab\u00edamos esperado este momento, el pueblo tiene sed de justicia, arruinaron a Venezuela, mataron talento joven e hicieron que 7 millones de los nuestros tuvieran que huir de Venezuela. Llega la hora de la justicia.\u201d<\/p>\n<p>&nbsp;<\/p>\n<p><iframe title=\"YouTube video player\" src=\"https:\/\/www.youtube.com\/embed\/kVSFWyt60JY\" width=\"650\" height=\"450\" frameborder=\"0\" allowfullscreen=\"allowfullscreen\"><span style=\"display: inline-block; width: 0px; overflow: hidden; line-height: 0;\" data-mce-type=\"bookmark\" class=\"mce_SELRES_start\">\ufeff<\/span><\/iframe><\/p>\n","protected":false},"excerpt":{"rendered":"<p>\u201cEn nombre de VenAm\u00e9rica queremos expresar nuestra inmensa alegr\u00eda por la decisi\u00f3n tomada por el Fiscal de la CPI, Karim Khan de abrir la investigaci\u00f3n penal por los cr\u00edmenes de lesa humanidad cometidos por Nicol\u00e1s Maduro y sus c\u00f3mplices, y&hellip;<\/p>\n","protected":false},"author":1,"featured_media":2997,"comment_status":"closed","ping_status":"closed","sticky":false,"template":"","format":"standard","meta":{"footnotes":""},"categories":[16],"tags":[],"class_list":["post-2996","post","type-post","status-publish","format-standard","has-post-thumbnail","hentry","category-comunicacion","entry","has-media"],"_links":{"self":[{"href":"https:\/\/venamerica.org\/home\/wp-json\/wp\/v2\/posts\/2996","targetHints":{"allow":["GET"]}}],"collection":[{"href":"https:\/\/venamerica.org\/home\/wp-json\/wp\/v2\/posts"}],"about":[{"href":"https:\/\/venamerica.org\/home\/wp-json\/wp\/v2\/types\/post"}],"author":[{"embeddable":true,"href":"https:\/\/venamerica.org\/home\/wp-json\/wp\/v2\/users\/1"}],"replies":[{"embeddable":true,"href":"https:\/\/venamerica.org\/home\/wp-json\/wp\/v2\/comments?post=2996"}],"version-history":[{"count":0,"href":"https:\/\/venamerica.org\/home\/wp-json\/wp\/v2\/posts\/2996\/revisions"}],"wp:featuredmedia":[{"embeddable":true,"href":"https:\/\/venamerica.org\/home\/wp-json\/wp\/v2\/media\/2997"}],"wp:attachment":[{"href":"https:\/\/venamerica.org\/home\/wp-json\/wp\/v2\/media?parent=2996"}],"wp:term":[{"taxonomy":"category","embeddable":true,"href":"https:\/\/venamerica.org\/home\/wp-json\/wp\/v2\/categories?post=2996"},{"taxonomy":"post_tag","embeddable":true,"href":"https:\/\/venamerica.org\/home\/wp-json\/wp\/v2\/tags?post=2996"}],"curies":[{"name":"wp","href":"https:\/\/api.w.org\/{rel}","templated":true}]}}