 
{"id":3021,"date":"2021-11-10T14:46:56","date_gmt":"2021-11-10T14:46:56","guid":{"rendered":"http:\/\/venamerica.org\/home\/?p=3021"},"modified":"2021-11-10T14:49:24","modified_gmt":"2021-11-10T14:49:24","slug":"por-una-america-renovada-hoy-se-inaugura-la-51a-asamblea-general-de-la-oea","status":"publish","type":"post","link":"https:\/\/venamerica.org\/home\/por-una-america-renovada-hoy-se-inaugura-la-51a-asamblea-general-de-la-oea\/","title":{"rendered":"\u201cPor una Am\u00e9rica renovada\u201d: Hoy se inaugura la \u00a051\u00aa Asamblea General de la OEA"},"content":{"rendered":"<p><img fetchpriority=\"high\" decoding=\"async\" class=\"size-full wp-image-3022 aligncenter\" src=\"https:\/\/venamerica.org\/home\/wp-content\/uploads\/2021\/11\/51ag-logo-banner.png\" alt=\"\" width=\"553\" height=\"274\" srcset=\"https:\/\/venamerica.org\/home\/wp-content\/uploads\/2021\/11\/51ag-logo-banner.png 553w, https:\/\/venamerica.org\/home\/wp-content\/uploads\/2021\/11\/51ag-logo-banner-300x149.png 300w, https:\/\/venamerica.org\/home\/wp-content\/uploads\/2021\/11\/51ag-logo-banner-350x173.png 350w\" sizes=\"(max-width: 553px) 100vw, 553px\" \/><\/p>\n<p><img decoding=\"async\" class=\" wp-image-3023 alignleft\" src=\"https:\/\/venamerica.org\/home\/wp-content\/uploads\/2021\/11\/51asamb.png\" alt=\"\" width=\"250\" height=\"151\" \/>La Organizaci\u00f3n de los Estados Americanos (OEA) celebrar\u00e1 de forma virtual y con Guatemala como pa\u00eds anfitri\u00f3n su 51\u00ba per\u00edodo ordinario de sesiones de la Asamblea General entre el 10 y 12 de noviembre, bajo el lema \u201cPor una Am\u00e9rica renovada\u201d.<\/p>\n<p>Este evento, al que est\u00e1n invitados todos los cancilleres del continente, es la m\u00e1xima instancia pol\u00edtica de la OEA y sus decisiones servir\u00e1n de gu\u00eda para las actividades y prioridades del organismo regional durante el pr\u00f3ximo a\u00f1o. La Asamblea tiene a su cargo la definici\u00f3n de las pol\u00edticas y mandatos de la OEA, as\u00ed como la estructura y funciones de sus \u00f3rganos.<\/p>\n<p>En el encuentro virtual, las m\u00e1ximas autoridades de la OEA intercambiar\u00e1n puntos de vista con los cancilleres de la regi\u00f3n y jefes de delegaci\u00f3n sobre el tema principal de la asamblea: \u201cPor una Am\u00e9rica renovada\u201d, adem\u00e1s sobre la pandemia del COVID-19 ,derechos humanos, democracia, y seguridad, entre otros t\u00f3picos.<\/p>\n<p><a href=\"http:\/\/www.oas.org\/es\/centro_noticias\/comunicados_prensa.asp\">www.oas.org\/es\/centro_noticias\/comunicados_prensa.asp<\/a><\/p>\n<p>&nbsp;<\/p>\n","protected":false},"excerpt":{"rendered":"<p>La Organizaci\u00f3n de los Estados Americanos (OEA) celebrar\u00e1 de forma virtual y con Guatemala como pa\u00eds anfitri\u00f3n su 51\u00ba per\u00edodo ordinario de sesiones de la Asamblea General entre el 10 y 12 de noviembre, bajo el lema \u201cPor una Am\u00e9rica&hellip;<\/p>\n","protected":false},"author":1,"featured_media":3022,"comment_status":"closed","ping_status":"closed","sticky":false,"template":"","format":"standard","meta":{"footnotes":""},"categories":[16],"tags":[],"class_list":["post-3021","post","type-post","status-publish","format-standard","has-post-thumbnail","hentry","category-comunicacion","entry","has-media"],"_links":{"self":[{"href":"https:\/\/venamerica.org\/home\/wp-json\/wp\/v2\/posts\/3021","targetHints":{"allow":["GET"]}}],"collection":[{"href":"https:\/\/venamerica.org\/home\/wp-json\/wp\/v2\/posts"}],"about":[{"href":"https:\/\/venamerica.org\/home\/wp-json\/wp\/v2\/types\/post"}],"author":[{"embeddable":true,"href":"https:\/\/venamerica.org\/home\/wp-json\/wp\/v2\/users\/1"}],"replies":[{"embeddable":true,"href":"https:\/\/venamerica.org\/home\/wp-json\/wp\/v2\/comments?post=3021"}],"version-history":[{"count":0,"href":"https:\/\/venamerica.org\/home\/wp-json\/wp\/v2\/posts\/3021\/revisions"}],"wp:featuredmedia":[{"embeddable":true,"href":"https:\/\/venamerica.org\/home\/wp-json\/wp\/v2\/media\/3022"}],"wp:attachment":[{"href":"https:\/\/venamerica.org\/home\/wp-json\/wp\/v2\/media?parent=3021"}],"wp:term":[{"taxonomy":"category","embeddable":true,"href":"https:\/\/venamerica.org\/home\/wp-json\/wp\/v2\/categories?post=3021"},{"taxonomy":"post_tag","embeddable":true,"href":"https:\/\/venamerica.org\/home\/wp-json\/wp\/v2\/tags?post=3021"}],"curies":[{"name":"wp","href":"https:\/\/api.w.org\/{rel}","templated":true}]}}