 
{"id":3049,"date":"2021-11-20T00:19:07","date_gmt":"2021-11-20T00:19:07","guid":{"rendered":"http:\/\/venamerica.org\/home\/?p=3049"},"modified":"2021-11-20T00:27:57","modified_gmt":"2021-11-20T00:27:57","slug":"declaracion-de-diaz-balart-y-de-wasserman-schultz-antes-de-las-falsas-elecciones-regionales-de-venezuela","status":"publish","type":"post","link":"https:\/\/venamerica.org\/home\/declaracion-de-diaz-balart-y-de-wasserman-schultz-antes-de-las-falsas-elecciones-regionales-de-venezuela\/","title":{"rendered":"Declaraci\u00f3n de D\u00edaz-Balart y de Wasserman Schultz antes de las falsas elecciones regionales de Venezuela \u00a0"},"content":{"rendered":"<div id=\"attachment_3050\" style=\"width: 650px\" class=\"wp-caption aligncenter\"><img fetchpriority=\"high\" decoding=\"async\" aria-describedby=\"caption-attachment-3050\" class=\"wp-image-3050 size-full\" src=\"https:\/\/venamerica.org\/home\/wp-content\/uploads\/2021\/11\/diaz-balart.png\" alt=\"\" width=\"640\" height=\"408\" srcset=\"https:\/\/venamerica.org\/home\/wp-content\/uploads\/2021\/11\/diaz-balart.png 640w, https:\/\/venamerica.org\/home\/wp-content\/uploads\/2021\/11\/diaz-balart-300x191.png 300w, https:\/\/venamerica.org\/home\/wp-content\/uploads\/2021\/11\/diaz-balart-350x223.png 350w\" sizes=\"(max-width: 640px) 100vw, 640px\" \/><p id=\"caption-attachment-3050\" class=\"wp-caption-text\">El congresista estadounidense, republicano por Florida, Mario D\u00edaz-Balart | Foto: Reuters<\/p><\/div>\n<p>WASHINGTON, DC &#8211; Los representantes Mario D\u00edaz-Balart y Debbie Wasserman Schultz, copresidentes del Caucus de Democracia de Venezuela en el Congreso, emitieron la siguiente declaraci\u00f3n antes de las elecciones regionales de Venezuela que se llevar\u00e1n a cabo este domingo.<\/p>\n<p>\u00abComo copresidentes del Caucus de Democracia de Venezuela del Congreso bipartidista, condenamos en\u00e9rgicamente la censura de los medios, la escalada de la represi\u00f3n y los ataques a las instituciones una vez democr\u00e1ticas de Venezuela que ocurren antes de las falsas &#8216;elecciones&#8217; previstas en Venezuela a finales de este mes\u00bb.<\/p>\n<p>\u00abEl r\u00e9gimen de Maduro se ha asegurado de que el resultado de las pr\u00f3ximas elecciones est\u00e9 predeterminado. El r\u00e9gimen controla estrictamente todas las instituciones vinculadas al proceso electoral, incluido el poder judicial y el Consejo Nacional Electoral. La dictadura ha encarcelado, descalificado o forzado al exilio a cientos de opositores pol\u00edticos, y sigue teniendo m\u00e1s de 250 presos pol\u00edticos. De hecho, la Corte Penal Internacional ha abierto una investigaci\u00f3n sobre las violaciones sistem\u00e1ticas de los derechos humanos por parte del r\u00e9gimen, incluidos cr\u00edmenes de lesa humanidad, tortura y homicidios arbitrarios cometidos contra disidentes y opositores pol\u00edticos. La ileg\u00edtima dictadura de Maduro solo confirma a\u00fan m\u00e1s su ilegitimidad con este comportamiento atroz y sus maquinaciones para aferrarse al poder\u00bb.<\/p>\n<p>\u00abEstados Unidos y el resto de la comunidad internacional que apoyan la libertad deben condenar en\u00e9rgicamente el control ileg\u00edtimo del poder del r\u00e9gimen de Maduro y expresar solidaridad con el pueblo de Venezuela y su representante democr\u00e1tico, el presidente interino Juan Guaid\u00f3. Apoyamos al pueblo venezolano exigiendo libertad, respeto por los derechos humanos b\u00e1sicos y un gobierno genuino y democr\u00e1tico en Venezuela\u00bb.<\/p>\n","protected":false},"excerpt":{"rendered":"<p>WASHINGTON, DC &#8211; Los representantes Mario D\u00edaz-Balart y Debbie Wasserman Schultz, copresidentes del Caucus de Democracia de Venezuela en el Congreso, emitieron la siguiente declaraci\u00f3n antes de las elecciones regionales de Venezuela que se llevar\u00e1n a cabo este domingo. \u00abComo&hellip;<\/p>\n","protected":false},"author":1,"featured_media":3050,"comment_status":"closed","ping_status":"closed","sticky":false,"template":"","format":"standard","meta":{"footnotes":""},"categories":[16],"tags":[],"class_list":["post-3049","post","type-post","status-publish","format-standard","has-post-thumbnail","hentry","category-comunicacion","entry","has-media"],"_links":{"self":[{"href":"https:\/\/venamerica.org\/home\/wp-json\/wp\/v2\/posts\/3049","targetHints":{"allow":["GET"]}}],"collection":[{"href":"https:\/\/venamerica.org\/home\/wp-json\/wp\/v2\/posts"}],"about":[{"href":"https:\/\/venamerica.org\/home\/wp-json\/wp\/v2\/types\/post"}],"author":[{"embeddable":true,"href":"https:\/\/venamerica.org\/home\/wp-json\/wp\/v2\/users\/1"}],"replies":[{"embeddable":true,"href":"https:\/\/venamerica.org\/home\/wp-json\/wp\/v2\/comments?post=3049"}],"version-history":[{"count":0,"href":"https:\/\/venamerica.org\/home\/wp-json\/wp\/v2\/posts\/3049\/revisions"}],"wp:featuredmedia":[{"embeddable":true,"href":"https:\/\/venamerica.org\/home\/wp-json\/wp\/v2\/media\/3050"}],"wp:attachment":[{"href":"https:\/\/venamerica.org\/home\/wp-json\/wp\/v2\/media?parent=3049"}],"wp:term":[{"taxonomy":"category","embeddable":true,"href":"https:\/\/venamerica.org\/home\/wp-json\/wp\/v2\/categories?post=3049"},{"taxonomy":"post_tag","embeddable":true,"href":"https:\/\/venamerica.org\/home\/wp-json\/wp\/v2\/tags?post=3049"}],"curies":[{"name":"wp","href":"https:\/\/api.w.org\/{rel}","templated":true}]}}