 
{"id":3202,"date":"2022-02-19T18:34:30","date_gmt":"2022-02-19T18:34:30","guid":{"rendered":"http:\/\/venamerica.org\/home\/?p=3202"},"modified":"2022-02-21T15:46:46","modified_gmt":"2022-02-21T15:46:46","slug":"ciciven-invita-al-foro-a-20-anos-de-la-vigencia-del-estatuto-de-roma","status":"publish","type":"post","link":"https:\/\/venamerica.org\/home\/ciciven-invita-al-foro-a-20-anos-de-la-vigencia-del-estatuto-de-roma\/","title":{"rendered":"CICIVEN invita al foro: A 20 a\u00f1os de la vigencia del Estatuto de Roma"},"content":{"rendered":"<p>\u201cEste a\u00f1o, el Estatuto de Roma cumple XX a\u00f1os de su entrada en vigencia, desde el Comit\u00e9 Internacional Contra la Impunidad en Venezuela\u00a0<strong>CICIVEN<\/strong>, conjuntamente con las\u00a0<strong>ONG<\/strong>;\u00a0Coalici\u00f3n por Venezuela, La Fundaci\u00f3n El Amparo, La Plataforma Democr\u00e1tica Venezolanos en Madrid y VenAm\u00e9rica, hemos\u00a0considerado que es propicia la ocasi\u00f3n para realizar un balance meticuloso de su creaci\u00f3n, en ese sentido hemos preparado un nuevo ciclo de foros donde podamos evaluar con sus principales protagonistas desde la negociaci\u00f3n y adopci\u00f3n del Estatuto de Roma, tratando con respeto el papel y los Derechos de las V\u00edctimas, analizando el rol de la fiscal\u00eda y sus posibles efectos en la Corte Penal Internacional, estimar el papel de la Oficina de Defensa P\u00fablica de las V\u00edctimas, revisar el papel de la Diplomacia y los Estados Partes, en resumen apreciar la fortaleza y debilidades de la Corte Penal Internacional y queremos que nos acompa\u00f1es,\u201d invit\u00f3 el presidente de CICIVEN Williams C\u00e1rdenas Rubio.<\/p>\n<p>Explic\u00f3 que este nuevo ciclo de foros denominado\u00a0<strong><em>La Corte Penal Internacional: Origen, Evoluci\u00f3n y Perspectivas. A XX a\u00f1os de vigencia del Estatuto de Roma, <\/em><\/strong>se iniciar\u00e1 este jueves 24 de febrero con el tema: <strong>A 20 a\u00f1os de la vigencia del Estatuto de Roma<\/strong> . \u201cContinuaremos el tercer jueves de cada mes, todos a la misma hora 11:00 am hora de Venezuela, 10:00 am de Miami, 4:00 pm hora de Espa\u00f1a e Italia (16 horas). Con la excepci\u00f3n del foro de clausura que se realizar\u00e1 el primer jueves del mes de julio.\u201d<\/p>\n<p>Todos estos eventos se realizar\u00e1n v\u00eda ZOOM y los interesados en participar deben solicitar su inscripci\u00f3n al email: Ciciven.justicia@gmail.com<\/p>\n<p><img fetchpriority=\"high\" decoding=\"async\" class=\"size-large wp-image-3205 aligncenter\" src=\"https:\/\/venamerica.org\/home\/wp-content\/uploads\/2022\/02\/2doCicloForos-558x1024.jpg\" alt=\"\" width=\"558\" height=\"1024\" srcset=\"https:\/\/venamerica.org\/home\/wp-content\/uploads\/2022\/02\/2doCicloForos-558x1024.jpg 558w, https:\/\/venamerica.org\/home\/wp-content\/uploads\/2022\/02\/2doCicloForos-164x300.jpg 164w, https:\/\/venamerica.org\/home\/wp-content\/uploads\/2022\/02\/2doCicloForos-350x642.jpg 350w, https:\/\/venamerica.org\/home\/wp-content\/uploads\/2022\/02\/2doCicloForos.jpg 565w\" sizes=\"(max-width: 558px) 100vw, 558px\" \/><\/p>\n","protected":false},"excerpt":{"rendered":"<p>\u201cEste a\u00f1o, el Estatuto de Roma cumple XX a\u00f1os de su entrada en vigencia, desde el Comit\u00e9 Internacional Contra la Impunidad en Venezuela\u00a0CICIVEN, conjuntamente con las\u00a0ONG;\u00a0Coalici\u00f3n por Venezuela, La Fundaci\u00f3n El Amparo, La Plataforma Democr\u00e1tica Venezolanos en Madrid y VenAm\u00e9rica,&hellip;<\/p>\n","protected":false},"author":1,"featured_media":3204,"comment_status":"closed","ping_status":"closed","sticky":false,"template":"","format":"standard","meta":{"footnotes":""},"categories":[16],"tags":[],"class_list":["post-3202","post","type-post","status-publish","format-standard","has-post-thumbnail","hentry","category-comunicacion","entry","has-media"],"_links":{"self":[{"href":"https:\/\/venamerica.org\/home\/wp-json\/wp\/v2\/posts\/3202","targetHints":{"allow":["GET"]}}],"collection":[{"href":"https:\/\/venamerica.org\/home\/wp-json\/wp\/v2\/posts"}],"about":[{"href":"https:\/\/venamerica.org\/home\/wp-json\/wp\/v2\/types\/post"}],"author":[{"embeddable":true,"href":"https:\/\/venamerica.org\/home\/wp-json\/wp\/v2\/users\/1"}],"replies":[{"embeddable":true,"href":"https:\/\/venamerica.org\/home\/wp-json\/wp\/v2\/comments?post=3202"}],"version-history":[{"count":0,"href":"https:\/\/venamerica.org\/home\/wp-json\/wp\/v2\/posts\/3202\/revisions"}],"wp:featuredmedia":[{"embeddable":true,"href":"https:\/\/venamerica.org\/home\/wp-json\/wp\/v2\/media\/3204"}],"wp:attachment":[{"href":"https:\/\/venamerica.org\/home\/wp-json\/wp\/v2\/media?parent=3202"}],"wp:term":[{"taxonomy":"category","embeddable":true,"href":"https:\/\/venamerica.org\/home\/wp-json\/wp\/v2\/categories?post=3202"},{"taxonomy":"post_tag","embeddable":true,"href":"https:\/\/venamerica.org\/home\/wp-json\/wp\/v2\/tags?post=3202"}],"curies":[{"name":"wp","href":"https:\/\/api.w.org\/{rel}","templated":true}]}}