 
{"id":3237,"date":"2022-03-13T15:28:22","date_gmt":"2022-03-13T15:28:22","guid":{"rendered":"http:\/\/venamerica.org\/home\/?p=3237"},"modified":"2022-03-14T17:07:48","modified_gmt":"2022-03-14T17:07:48","slug":"2do-foro-ciciven-negociacion-y-adopcion-del-estatuto-de-roma-hablan-sus-negociadores","status":"publish","type":"post","link":"https:\/\/venamerica.org\/home\/2do-foro-ciciven-negociacion-y-adopcion-del-estatuto-de-roma-hablan-sus-negociadores\/","title":{"rendered":"Este jueves 17 CICIVEN invita al foro: Negociaci\u00f3n y adopci\u00f3n del Estatuto de Roma \u00a1Hablan sus negociadores!"},"content":{"rendered":"<p><strong><em>V\u00eda zoom<\/em><\/strong><strong><em>:<br \/>\n<\/em><\/strong><strong><em>Negociaci\u00f3n y Adopci\u00f3n del Estatuto de Roma<br \/>\n<\/em><\/strong><strong><em>\u00a1Hablan sus negociadores!<\/em><\/strong><\/p>\n<p>En el marco de la celebraci\u00f3n del segundo ciclo de foros, CICIVEN ha organizado este nuevo encuentro en el cual se contar\u00e1 con las ponencias de la Dra. Milagros Betancourt y V\u00edctor Rodr\u00edguez Cede\u00f1o dos destacados venezolanos quienes formaron parte del equipo negociador de Venezuela en la elaboraci\u00f3n del Estatuto de Roma .<\/p>\n<p>William C\u00e1rdenas Rubio, presidente de CICIVEN indic\u00f3 que ser\u00e1 una ocasi\u00f3n extraordinaria de conocer los or\u00edgenes de este importante tratado internacional por parte de algunos de sus protagonistas.<\/p>\n<p>La Dra.\u00a0<strong>Milagros Betancourt<\/strong>; abogado, realiz\u00f3 estudios de Postgrado en Derecho Internacional en la Academia de Derecho Internacional de la Haya, Embajadora retirada del servicio exterior de Venezuela,\u00a0y\u00a0<strong>V\u00edctor Rodr\u00edguez Cede\u00f1o<\/strong>; abogado, Embajador de Carrera, ambos integrantes del equipo negociador por Venezuela del Estatuto de Roma que crea la\u00a0<strong>CPI<\/strong>.<\/p>\n<p>Este foro ser\u00e1 presentado por \u00a0William C\u00e1rdenas Rubio<strong>,\u00a0<\/strong>presidente de<strong>\u00a0CICIVEN\u00a0<\/strong>y<strong>\u00a0<\/strong>el moderador del evento<em>\u00a0<\/em>ser\u00e1 su vicepresidente Paciano\u00a0Padr\u00f3n<strong>.<\/strong><\/p>\n<p><strong>Es importante que formalicen su participaci\u00f3n por medio de <\/strong>ciciven.justicia@gmail.com<\/p>\n<p><strong><em>\u00abA 20 a\u00f1os de Vigencia del Estatuto de Roma\u00bb <\/em><\/strong>Hora:\u00a0<strong>17 marzo 2022<\/strong>\u00a011:00 Hora del este (EE.\u00a0UU. y Canad\u00e1) 4pm (16 horas) de Espa\u00f1a<\/p>\n<p>&nbsp;<\/p>\n<p><img fetchpriority=\"high\" decoding=\"async\" class=\"size-large wp-image-3238 aligncenter\" src=\"https:\/\/venamerica.org\/home\/wp-content\/uploads\/2022\/03\/2do_foro-561x1024.jpg\" alt=\"\" width=\"561\" height=\"1024\" srcset=\"https:\/\/venamerica.org\/home\/wp-content\/uploads\/2022\/03\/2do_foro-561x1024.jpg 561w, https:\/\/venamerica.org\/home\/wp-content\/uploads\/2022\/03\/2do_foro-164x300.jpg 164w, https:\/\/venamerica.org\/home\/wp-content\/uploads\/2022\/03\/2do_foro-350x639.jpg 350w, https:\/\/venamerica.org\/home\/wp-content\/uploads\/2022\/03\/2do_foro.jpg 565w\" sizes=\"(max-width: 561px) 100vw, 561px\" \/><\/p>\n","protected":false},"excerpt":{"rendered":"<p>V\u00eda zoom: Negociaci\u00f3n y Adopci\u00f3n del Estatuto de Roma \u00a1Hablan sus negociadores! En el marco de la celebraci\u00f3n del segundo ciclo de foros, CICIVEN ha organizado este nuevo encuentro en el cual se contar\u00e1 con las ponencias de la Dra.&hellip;<\/p>\n","protected":false},"author":1,"featured_media":3238,"comment_status":"closed","ping_status":"closed","sticky":false,"template":"","format":"standard","meta":{"footnotes":""},"categories":[16],"tags":[],"class_list":["post-3237","post","type-post","status-publish","format-standard","has-post-thumbnail","hentry","category-comunicacion","entry","has-media"],"_links":{"self":[{"href":"https:\/\/venamerica.org\/home\/wp-json\/wp\/v2\/posts\/3237","targetHints":{"allow":["GET"]}}],"collection":[{"href":"https:\/\/venamerica.org\/home\/wp-json\/wp\/v2\/posts"}],"about":[{"href":"https:\/\/venamerica.org\/home\/wp-json\/wp\/v2\/types\/post"}],"author":[{"embeddable":true,"href":"https:\/\/venamerica.org\/home\/wp-json\/wp\/v2\/users\/1"}],"replies":[{"embeddable":true,"href":"https:\/\/venamerica.org\/home\/wp-json\/wp\/v2\/comments?post=3237"}],"version-history":[{"count":0,"href":"https:\/\/venamerica.org\/home\/wp-json\/wp\/v2\/posts\/3237\/revisions"}],"wp:featuredmedia":[{"embeddable":true,"href":"https:\/\/venamerica.org\/home\/wp-json\/wp\/v2\/media\/3238"}],"wp:attachment":[{"href":"https:\/\/venamerica.org\/home\/wp-json\/wp\/v2\/media?parent=3237"}],"wp:term":[{"taxonomy":"category","embeddable":true,"href":"https:\/\/venamerica.org\/home\/wp-json\/wp\/v2\/categories?post=3237"},{"taxonomy":"post_tag","embeddable":true,"href":"https:\/\/venamerica.org\/home\/wp-json\/wp\/v2\/tags?post=3237"}],"curies":[{"name":"wp","href":"https:\/\/api.w.org\/{rel}","templated":true}]}}