 
{"id":428,"date":"2020-06-03T23:11:50","date_gmt":"2020-06-03T23:11:50","guid":{"rendered":"http:\/\/venamerica.org\/home\/?p=428"},"modified":"2020-06-03T23:45:44","modified_gmt":"2020-06-03T23:45:44","slug":"se-oye-una-voz-de-alguien-que-llora-amargamente","status":"publish","type":"post","link":"https:\/\/venamerica.org\/home\/se-oye-una-voz-de-alguien-que-llora-amargamente\/","title":{"rendered":"\u00abSe oye una voz de alguien que llora amargamente\u00bb"},"content":{"rendered":"<p><img fetchpriority=\"high\" decoding=\"async\" class=\"wp-image-166 aligncenter\" src=\"https:\/\/venamerica.org\/home\/wp-content\/uploads\/2020\/05\/diario_americas-dest-1.jpg\" alt=\"\" width=\"491\" height=\"142\" \/><\/p>\n<p><span style=\"font-size: 18px;\"><em>Ratificamos que el presidente Guaid\u00f3 debe asumir el liderazgo que la Rep\u00fablica ha colocado en sus manos y generar acciones con la participaci\u00f3n de todos<\/em><\/span><\/p>\n<p style=\"text-align: right;\">Por\u00a0<a href=\"https:\/\/www.diariolasamericas.com\/perfil\/6529-venamerica\">VENAM\u00c9RICA<\/a>,\u00a0<a href=\"https:\/\/www.diariolasamericas.com\/perfil\/6531-paciano-padron\">PACIANO PADR\u00d3N<\/a>\u00a0,\u00a0<a href=\"https:\/\/www.diariolasamericas.com\/perfil\/6535-luis-corona\">LUIS CORONA<\/a><\/p>\n<p>Con cita b\u00edblica comienza la reciente y dram\u00e1tica exhortaci\u00f3n que la Conferencia Episcopal Venezolana dio a conocer el pasado 28 de mayo. Mueve sentimientos e invita a la reflexi\u00f3n: \u201cSe oye una voz de alguien que llora amargamente\u201d. Dicen nuestros obispos que adem\u00e1s de la pandemia del COVID-19 que compartimos con el mundo, y que ahora \u201cse extiende masivamente en el pa\u00eds\u201d, \u201csufrimos los estragos de los graves problemas econ\u00f3micos, pol\u00edticos y sociales que se intensifican cada d\u00eda m\u00e1s, generando sufrimiento e incertidumbre en la poblaci\u00f3n\u201d.<\/p>\n<p>En nombre de\u00a0<a href=\"https:\/\/www.diariolasamericas.com\/venamerica-a8394\">VenAm\u00e9rica<\/a>\u00a0nos pronunciamos el pasado s\u00e1bado 29 sobre la exhortaci\u00f3n de la Conferencia Episcopal y la sentencia del ileg\u00edtimo Tribunal Supremo de Justicia al servicio de Maduro, que usurpando funciones en decisi\u00f3n risible \u2013si no fuera tr\u00e1gica\u2013 desconoce la leg\u00edtima Asamblea Nacional de\u00a0<a href=\"https:\/\/www.diariolasamericas.com\/venezuela-a6111\">Venezuela<\/a>\u00a0y a sus autoridades encabezadas por Juan\u00a0<a href=\"https:\/\/www.diariolasamericas.com\/guaido-a8425\">Guaid\u00f3<\/a>. Entonces hicimos una invitaci\u00f3n en t\u00e9rminos muy semejantes a los del reciente pronunciamiento de la Sala Plena del TSJ leg\u00edtimo, que la pasada semana decidi\u00f3: \u201cHacer un llamado a la comunidad internacional y al pueblo venezolano a constituirse en un bloque de fuerza unido, para rechazar y expresar en\u00e9rgicamente su repudio a esta nueva acci\u00f3n y a las anteriores, que conllevan al resultado de un constante fraude jur\u00eddico que ofende plenamente la Constituci\u00f3n\u2026\u201d. Nosotros a\u00f1adimos y ratificamos ahora que el presidente Guaid\u00f3 debe asumir cabalmente el liderazgo que la Rep\u00fablica ha colocado en sus manos y generar acciones con la participaci\u00f3n de todos, sin exclusiones, convocando al liderazgo internacional a acciones concretas.<\/p>\n<p>\u201cEs inaceptable que contin\u00fae la situaci\u00f3n que vivimos\u201d, sostiene la Conferencia Episcopal: \u201cYa ha quedado atr\u00e1s el tiempo de las palabras: debemos comprender no solo los s\u00edntomas, sino sus causas econ\u00f3micas, pol\u00edticas y sociales; no debemos reducirnos a aliviar los efectos, sino acompa\u00f1ar y alentar los procesos para que se den las transformaciones y los cambios necesarios a nivel pol\u00edtico, social y econ\u00f3mico. Lo m\u00e1s urgente a la vista de la inmensa cat\u00e1strofe nacional, material, institucional y social que padecemos es una acci\u00f3n moral de gran calado, una sacudida \u00e9tica y una convergencia pol\u00edtico-social que nos encauce hacia el gran deseo com\u00fan: un cambio fundamental\u201d.<\/p>\n<p>\u201cNo es eliminando al que piensa diferente que se saldr\u00e1 de esta crisis, sino incluyendo en la b\u00fasqueda de soluciones concertadas a todos los factores pol\u00edticos y a las distintas instituciones que hacen vida en el \u00e1mbito nacional: militares, acad\u00e9micos, universitarios, empresarios, profesionales, estudiantes y trabajadores, organizaciones no gubernamentales, confesiones religiosas y todos en general\u201d. A\u00f1aden nuestros obispos en su exhortaci\u00f3n: \u201cLa desuni\u00f3n y el perenne enfrentamiento agravan la situaci\u00f3n y nos hunden m\u00e1s como pueblo. Venezuela no podr\u00e1 salir de esta situaci\u00f3n, si el pueblo todo no interpela definitivamente a las autoridades y al conjunto del liderazgo pol\u00edtico, social y cultural, y se declara en emergencia nacional\u201d.<\/p>\n<p>Desde VenAm\u00e9rica compartimos plenamente, desde hace ya un buen tiempo, su invitaci\u00f3n a la acci\u00f3n. Hoy ratificamos y decimos con ellos en su m\u00e1s reciente exhorto: \u201cLlamamos, pues, escuchando a nuestro pueblo, a un acuerdo nacional inclusivo de largo alcance\u201d. Llamamos a la constituci\u00f3n inmediata del gobierno de emergencia, al cual ha convocado Guaid\u00f3 con respaldo de la comunidad internacional.<\/p>\n<p><a href=\"http:\/\/www.venamerica.org\/\">www.venamerica.org<\/a><\/p>\n<p><em>Los autores son el presidente y el vicepresidente de VenAm\u00e9rica, respectivamente<\/em><\/p>\n<p>02 de junio de 2020 https:\/\/www.diariolasamericas.com\/opinion\/<\/p>\n<p>&nbsp;<\/p>\n","protected":false},"excerpt":{"rendered":"<p>Ratificamos que el presidente Guaid\u00f3 debe asumir el liderazgo que la Rep\u00fablica ha colocado en sus manos y generar acciones con la participaci\u00f3n de todos Por\u00a0VENAM\u00c9RICA,\u00a0PACIANO PADR\u00d3N\u00a0,\u00a0LUIS CORONA Con cita b\u00edblica comienza la reciente y dram\u00e1tica exhortaci\u00f3n que la Conferencia&hellip;<\/p>\n","protected":false},"author":1,"featured_media":163,"comment_status":"open","ping_status":"open","sticky":false,"template":"","format":"standard","meta":{"footnotes":""},"categories":[23,13],"tags":[],"class_list":["post-428","post","type-post","status-publish","format-standard","has-post-thumbnail","hentry","category-diario-las-americas","category-prensas","entry","has-media"],"_links":{"self":[{"href":"https:\/\/venamerica.org\/home\/wp-json\/wp\/v2\/posts\/428","targetHints":{"allow":["GET"]}}],"collection":[{"href":"https:\/\/venamerica.org\/home\/wp-json\/wp\/v2\/posts"}],"about":[{"href":"https:\/\/venamerica.org\/home\/wp-json\/wp\/v2\/types\/post"}],"author":[{"embeddable":true,"href":"https:\/\/venamerica.org\/home\/wp-json\/wp\/v2\/users\/1"}],"replies":[{"embeddable":true,"href":"https:\/\/venamerica.org\/home\/wp-json\/wp\/v2\/comments?post=428"}],"version-history":[{"count":0,"href":"https:\/\/venamerica.org\/home\/wp-json\/wp\/v2\/posts\/428\/revisions"}],"wp:featuredmedia":[{"embeddable":true,"href":"https:\/\/venamerica.org\/home\/wp-json\/wp\/v2\/media\/163"}],"wp:attachment":[{"href":"https:\/\/venamerica.org\/home\/wp-json\/wp\/v2\/media?parent=428"}],"wp:term":[{"taxonomy":"category","embeddable":true,"href":"https:\/\/venamerica.org\/home\/wp-json\/wp\/v2\/categories?post=428"},{"taxonomy":"post_tag","embeddable":true,"href":"https:\/\/venamerica.org\/home\/wp-json\/wp\/v2\/tags?post=428"}],"curies":[{"name":"wp","href":"https:\/\/api.w.org\/{rel}","templated":true}]}}