 
{"id":4368,"date":"2022-10-29T14:35:01","date_gmt":"2022-10-29T14:35:01","guid":{"rendered":"https:\/\/venamerica.org\/home\/?p=4368"},"modified":"2022-10-31T16:46:12","modified_gmt":"2022-10-31T16:46:12","slug":"paciano-padron-partidos-en-venezuela-no-practican-la-democracia","status":"publish","type":"post","link":"https:\/\/venamerica.org\/home\/paciano-padron-partidos-en-venezuela-no-practican-la-democracia\/","title":{"rendered":"Paciano Padr\u00f3n: partidos en Venezuela no practican la democracia"},"content":{"rendered":"<p class=\"bajada\"><strong>Ana Uzc\u00e1tegui | LA PRENSA DE LARA.-<\/strong>\u00a0\u00abCada vez que el Gobierno amenaza con\u00a0<strong>adelantar las presidenciales<\/strong>, a los dirigentes pol\u00edticos de oposici\u00f3n les falta car\u00e1cter para ponerse de acuerdo y arrugarle el rostro al r\u00e9gimen. No se puede aceptar unas elecciones estando la\u00a0<strong>oposici\u00f3n dividida<\/strong>, sin saber la fecha de esos comicios, sin que se presente un cronograma aprobado y publicado, sin un plan para activar el Registro Electoral (RE) y con un Consejo Nacional Electoral (CNE), totalmente parcializado. En esas condiciones se le estar\u00eda dejando el camino libre a la dictadura de Maduro para volver a ganar y gobernar con visos de legalidad, y a los venezolanos se les estar\u00eda enviando a un callej\u00f3n sin salida\u00bb.<\/p>\n<div id=\"texto_tpl6\" class=\"texto col-sm-12\">\n<p data-content-col=\"ok\" data-content-parag=\"Cantidad de caracteres exacta\">Esa es la opini\u00f3n que tiene sobre el panorama electoral,\u00a0<strong>Paciano Padr\u00f3n<\/strong>, abogado, exparlamentario, presidente de VenAm\u00e9rica, organizaci\u00f3n civil en Estados Unidos y vicepresidente del Comit\u00e9 Internacional Contra la Impunidad en Venezuela. Considera que ahora m\u00e1s que nunca quienes rechazan al oficialismo, que se encuentran dentro y fuera del pa\u00eds, deben generar la presi\u00f3n internacional para que se den elecciones libres en el 2024.<\/p>\n<hr \/>\n<p data-content-col=\"ok\" data-content-parag=\"Cantidad de caracteres exacta\" data-format=\"RESALTADO\" data-status=\"ok\"><strong>\u00bfCree usted posible que el gobierno de Estados Unidos le retire el reconocimiento a Juan Guaid\u00f3 como presidente interino el 5 de enero de 2023, tal como rese\u00f1\u00f3 CNN?<\/strong><\/p>\n<p data-content-col=\"ok\" data-content-parag=\"Cantidad de caracteres exacta\">Hay una serie de\u00a0<strong>especulaciones <\/strong>y una no acaba de saber en d\u00f3nde est\u00e1 la verdad, porque \u00bfcu\u00e1l es la oposici\u00f3n de la Venezuela democr\u00e1tica?; \u00bfhay alg\u00fan pronunciamiento sobre esto?. El gobierno interino es una decisi\u00f3n de\u00a0<strong>orden constitucional<\/strong>. Llegado el d\u00eda 10 de enero de 2019, no habiendo presidente electo, porque el que hab\u00eda sido electo extempor\u00e1neamente y de manera inconstitucional en mayo de 2018, fue declarado como inexistente, fue declarado por los organismos internacionales, por 60 pa\u00edses del mundo y posteriormente por el Tribunal Supremo Justicia (TSJ) leg\u00edtimo, que hoy est\u00e1 en el exilio. No habiendo presidente pues se aplic\u00f3 la Constituci\u00f3n y el presidente de la Asamblea Nacional comenz\u00f3 a ser presidente interino mientras se elige presidente. De eso han pasado cuatro a\u00f1os, pero bueno la Constituci\u00f3n no establece l\u00edmites en ese sentido. Mientras no hay un nuevo presidente electo tendr\u00eda que seguir Guaid\u00f3.<\/p>\n<hr \/>\n<div class=\"google-auto-placed ap_container\">\n<p><strong>\u00bfTiene sentido el interinato cuando sobre la oposici\u00f3n tambi\u00e9n hay denuncias de corrupci\u00f3n del control de activos?<\/strong><\/p>\n<\/div>\n<p data-content-col=\"ok\" data-content-parag=\"Cantidad de caracteres exacta\">Uno no sabe exactamente hacia d\u00f3nde agarrar. El romper con lo que es un mandato constitucional no pareciera ser la salida, porque \u00bfCu\u00e1l es la otra alternativa?, dejarle todo a Maduro, \u00bfMaduro s\u00ed es el honesto ahora?. Evidentemente que no. Desgraciadamente en el otro caso hemos encontrado\u00a0<strong>corrupci\u00f3n <\/strong>o se han se\u00f1alado\u00a0<strong>caso irregulares<\/strong>\u00a0sin que haya una claridad efectiva. Pero frente a eso quiz\u00e1s lo que tendr\u00edamos que intentar cambiar es a unos por otros. Ahora qui\u00e9n los cambia \u00bfel pueblo?, \u00bfla decisi\u00f3n por v\u00eda electoral?. La v\u00eda electoral es siempre una salida y la comunidad internacional no hace sino empujarnos hacia all\u00e1.<\/p>\n<hr \/>\n<p data-content-col=\"ok\" data-content-parag=\"Cantidad de caracteres exacta\" data-format=\"RESALTADO\" data-status=\"ok\"><strong>\u00bfC\u00f3mo eval\u00faa a los partidos en Venezuela?; Hace dos a\u00f1os usted dec\u00eda en una entrevista que los partidos ten\u00edan un deterioro en su democracia interna. \u00bfSigue pensando eso?<\/strong><\/p>\n<p data-content-col=\"ok\" data-content-parag=\"Cantidad de caracteres exacta\">La situaci\u00f3n es cada vez m\u00e1s grave.\u00a0<strong>Los partidos en este pa\u00eds no practican la democracia<\/strong>. Nadie da lo que no tiene, si no eres dem\u00f3crata c\u00f3mo pueden sembrar democracia. Los partidos pol\u00edticos tienen que elegir por su propia base a sus candidatos y sus autoridades. Eso es un mandato constitucional, las organizaciones, pero ese principio no lo cumplen. El PSUV ha celebrado un solo congreso, lo celebr\u00f3 al inicio cuando estaba Hugo Ch\u00e1vez. Por cierto en ese congreso recuerdo que Diosdado Cabello fue electo \u00faltimo suplente y trampeando la elecci\u00f3n termin\u00f3 como vicepresidente. Lo mismo ocurre con la oposici\u00f3n que tienen a\u00f1os sin hacer elecciones internas. creo que este a\u00f1o consult\u00f3 a sus bases s\u00f3lo Primero Justicia.<\/p>\n<hr \/>\n<p data-content-col=\"ok\" data-content-parag=\"Cantidad de caracteres exacta\" data-format=\"RESALTADO\" data-status=\"ok\"><strong>Los partidos est\u00e1n intervenidos. \u00bfC\u00f3mo se pueden fortalecer?<\/strong><\/p>\n<p data-content-col=\"ok\" data-content-parag=\"Cantidad de caracteres exacta\">Hasta partidos de izquierda han sido intervenidos. Eso es parte del desastre. Tienen que\u00a0<strong>regularizarse<\/strong>y tener sus\u00a0<strong>autoridades leg\u00edtimas<\/strong>. Lo que hizo el Gobierno fue dividir, les puso una directiva a su gusto con gente que le era afecta y saco a los otros, por lo cual quedaron ahora divididos. Las viejas organizaciones por un lado y esta nueva \u00abdirectiva\u00bb colocadas por el TSJ. Eso tiene que cambiar.<\/p>\n<hr \/>\n<p data-content-col=\"ok\" data-content-parag=\"Cantidad de caracteres exacta\" data-format=\"RESALTADO\" data-status=\"ok\"><strong>La Plataforma Unitaria ha anunciado unas primarias. \u00bfUsted forma parte de los postulados para integrar la Comisi\u00f3n Electoral de esas elecciones Primarias?<\/strong><\/p>\n<p data-content-col=\"ok\" data-content-parag=\"Cantidad de caracteres exacta\">Alguna vez alguien me llam\u00f3 y me dijo que va a postular mi nombre y efectivamente lo postularon. Presentaron el nombre pero eso no tendr\u00eda ning\u00fan sentido el proceso no es una decisi\u00f3n que acepten todos y no s\u00f3lo el cogollo. Creo s\u00ed es importante en todo caso, que haya gente en el exterior que integre esa comisi\u00f3n electoral. Pienso que la primaria como tal debe ser organizada por la sociedad civil y por los partidos pol\u00edticos, no por el CNE y demostrar adem\u00e1s que somos capaces de organizar a la gente afuera.<\/p>\n<p data-content-col=\"ok\" data-content-parag=\"Cantidad de caracteres exacta\" data-format=\"RESALTADO\" data-status=\"ok\"><strong>\u00bfEs viable hacer unas primarias cuando buena parte de los candidatos est\u00e1n inhabilitados y el gobierno amenaza constantemente que va a adelantar la fecha de las presidenciales?<\/strong><\/p>\n<p data-content-col=\"ok\" data-content-parag=\"Cantidad de caracteres exacta\">Cada vez que el oficialismo habla de adelantar las elecciones, es all\u00ed donde precisamente falta el car\u00e1cter, la necesidad de ponerse de acuerdo y arrugarle el rostro al r\u00e9gimen. C\u00f3mo puede ir a una elecci\u00f3n sin saber la fecha, c\u00f3mo puedes ir una elecci\u00f3n sin tener un cronograma electoral aprobado y publicado, c\u00f3mo puedes ir a una elecci\u00f3n sin tener un plan de registro de los electores, ni un\u00a0<strong>Registro Electoral actualizado<\/strong>. C\u00f3mo puedes ir a unas elecciones con un Consejo Nacional Electoral ileg\u00edtimo y adem\u00e1s absolutamente parcializado, eso no tendr\u00eda sentido. La soluci\u00f3n va a ser electoral \u00bfpuede ser electoral? pero por supuesto con condiciones de credibilidad, lo otro va a seria irse por un callej\u00f3n sin salida. Por eso es que pienso que s\u00ed se va a ir a un proceso primario ese proceso primario tiene que ser aut\u00f3nomo del CNE desde mi perspectiva y tiene que tener el criterio de la segunda vuelta.<\/p>\n<p data-content-col=\"ok\" data-content-parag=\"Cantidad de caracteres exacta\" data-format=\"RESALTADO\" data-status=\"ok\"><strong>En Venezuela la Constituci\u00f3n no establece la segunda vuelta para una elecci\u00f3n. \u00bfQu\u00e9 pasa si el Gobierno no reconoce al candidato de oposici\u00f3n por esa raz\u00f3n?<\/strong><\/p>\n<p data-content-col=\"ok\" data-content-parag=\"Cantidad de caracteres exacta\">La segunda vuelta no se establece en la Constituci\u00f3n, pero en procesos internos s\u00ed es posible. Y es que en las primarias la deben hacer porque hay m\u00e1s de 20 candidatos. Supongamos que vayan 10 candidatos, es poco probable que alguno de ellos obtenga m\u00e1s del 50%, pudiera de repente tener el 20% y quedar electo candidato. Pero eso no va a ser representativo, debe estabilizarse una segunda vuelta en el proceso primario para que el candidato que salga realmente cuenta en por lo menos la mitad m\u00e1s uno del respaldo de los sectores opositores.<\/p>\n<hr \/>\n<div class=\"google-auto-placed ap_container\">\n<p><strong>Hay dirigentes pol\u00edticos de Voluntad Popular que dicen que la segunda vuelta implicar\u00eda invertir m\u00e1s recursos que pueden utilizarse para una campa\u00f1a pol\u00edtica presidencial. \u00bfQu\u00e9 opina de eso?<\/strong><\/p>\n<\/div>\n<p data-content-col=\"ok\" data-content-parag=\"Cantidad de caracteres exacta\">Que est\u00e1n absolutamente equivocados, la elecci\u00f3n despu\u00e9s no tendr\u00eda suficiente legitimidad si el candidato no es escogido y tiene el respaldo de la mayor\u00eda, eso perfectamente obvio lo menos que generara es el enfriamiento. La segunda vuelta no es un capricho es una absoluta necesidad y en la legislaci\u00f3n venezolana debe establecerse Eso es lo m\u00e1s democr\u00e1tico y la utiliza el mundo moderno.<\/p>\n<p data-content-col=\"ok\" data-content-parag=\"Cantidad de caracteres exacta\" data-format=\"RESALTADO\" data-status=\"ok\"><strong>\u00bfCree que Maduro se siente c\u00f3modo para unas presidenciales?<\/strong><\/p>\n<p data-content-col=\"ok\" data-content-parag=\"Cantidad de caracteres exacta\">Maduro est\u00e1 desesperado en adelantar esa elecci\u00f3n, mientras no haya posibilidad de unirnos. Si somos millones, si esos millones que decidimos salir enfrentamos todos hacia Miraflores, el cambio no hay manera de detenerlo. El pueblo es un r\u00edo crecido si tiene claridad y avanza en un prop\u00f3sito. Desgraciadamente ese prop\u00f3sito no existe, no existe hoy los liderazgo. Pero los pueblos en los momentos de encrucijada, surgen, emanan, ese momento debe llegar para nosotros tambi\u00e9n. Ahora tenemos que buscarlo y hay que seguir abriendo caminos hacia all\u00e1 sin generar falsas expectativas de cambio. Yo creo en la voluntad de los j\u00f3venes. Los j\u00f3venes quieren libertad y esos muchachos que est\u00e1n saliendo est\u00e1n ansiosos de libertad, en el momento que sean capaces de entender, ellos se van a colocar a la cabeza y van a sacar los l\u00edderes pol\u00edticos que hoy estorban.<\/p>\n<p data-content-col=\"ok\" data-content-parag=\"Cantidad de caracteres exacta\">VER ENTREVISTA COMPLETA:<\/p>\n<\/div>\n<p><iframe title=\"YouTube video player\" src=\"https:\/\/www.youtube.com\/embed\/SWo9eRtV3Wo\" width=\"650\" height=\"420\" frameborder=\"0\" allowfullscreen=\"allowfullscreen\"><span data-mce-type=\"bookmark\" style=\"display: inline-block; width: 0px; overflow: hidden; line-height: 0;\" class=\"mce_SELRES_start\">\ufeff<\/span><\/iframe><\/p>\n","protected":false},"excerpt":{"rendered":"<p>Ana Uzc\u00e1tegui | LA PRENSA DE LARA.-\u00a0\u00abCada vez que el Gobierno amenaza con\u00a0adelantar las presidenciales, a los dirigentes pol\u00edticos de oposici\u00f3n les falta car\u00e1cter para ponerse de acuerdo y arrugarle el rostro al r\u00e9gimen. No se puede aceptar unas elecciones&hellip;<\/p>\n","protected":false},"author":1,"featured_media":4369,"comment_status":"closed","ping_status":"closed","sticky":false,"template":"","format":"standard","meta":{"footnotes":""},"categories":[26],"tags":[],"class_list":["post-4368","post","type-post","status-publish","format-standard","has-post-thumbnail","hentry","category-opinion","entry","has-media"],"_links":{"self":[{"href":"https:\/\/venamerica.org\/home\/wp-json\/wp\/v2\/posts\/4368","targetHints":{"allow":["GET"]}}],"collection":[{"href":"https:\/\/venamerica.org\/home\/wp-json\/wp\/v2\/posts"}],"about":[{"href":"https:\/\/venamerica.org\/home\/wp-json\/wp\/v2\/types\/post"}],"author":[{"embeddable":true,"href":"https:\/\/venamerica.org\/home\/wp-json\/wp\/v2\/users\/1"}],"replies":[{"embeddable":true,"href":"https:\/\/venamerica.org\/home\/wp-json\/wp\/v2\/comments?post=4368"}],"version-history":[{"count":8,"href":"https:\/\/venamerica.org\/home\/wp-json\/wp\/v2\/posts\/4368\/revisions"}],"predecessor-version":[{"id":4377,"href":"https:\/\/venamerica.org\/home\/wp-json\/wp\/v2\/posts\/4368\/revisions\/4377"}],"wp:featuredmedia":[{"embeddable":true,"href":"https:\/\/venamerica.org\/home\/wp-json\/wp\/v2\/media\/4369"}],"wp:attachment":[{"href":"https:\/\/venamerica.org\/home\/wp-json\/wp\/v2\/media?parent=4368"}],"wp:term":[{"taxonomy":"category","embeddable":true,"href":"https:\/\/venamerica.org\/home\/wp-json\/wp\/v2\/categories?post=4368"},{"taxonomy":"post_tag","embeddable":true,"href":"https:\/\/venamerica.org\/home\/wp-json\/wp\/v2\/tags?post=4368"}],"curies":[{"name":"wp","href":"https:\/\/api.w.org\/{rel}","templated":true}]}}