 
{"id":4885,"date":"2023-09-16T12:51:51","date_gmt":"2023-09-16T12:51:51","guid":{"rendered":"https:\/\/venamerica.org\/home\/?p=4885"},"modified":"2023-09-16T12:51:51","modified_gmt":"2023-09-16T12:51:51","slug":"coloquio-fin-de-la-impunidad-en-venezuela","status":"publish","type":"post","link":"https:\/\/venamerica.org\/home\/coloquio-fin-de-la-impunidad-en-venezuela\/","title":{"rendered":"Coloquio \u201cFin de la impunidad en Venezuela\u201d"},"content":{"rendered":"<p style=\"text-align: center;\">INTERAMERICAN INSTITUTE FOR DEMOCRACY y VENAM\u00c9RICA invitan al Coloquio<\/p>\n<p style=\"text-align: center;\"><span style=\"font-size: 21px;\"><strong>\u201cFin de la impunidad en Venezuela\u201d,<\/strong><\/span><\/p>\n<p style=\"text-align: center;\">con la participaci\u00f3n, como expositor, del defensor de Derechos Humanos Walter M\u00e1rquez.<\/p>\n<p style=\"text-align: center;\"><strong>Mi\u00e9rcoles 20 de septiembre de 2023<\/strong><br \/>\n<strong>Hora: 5:00\u00a0p.m.\u00a0(EST)<\/strong><br \/>\nSede del IID: 2100 Coral Way. Ste:500. 33145. Miami.FL.<\/p>\n<p style=\"text-align: center;\">Se transmitir\u00e1 en directo por<br \/>\n<a href=\"https:\/\/www.intdemocratic.org\/events\/coloquio-fin-de-la-impunidad-en-venezuela-con-walter-marquez.html\" target=\"_blank\" rel=\"noopener\">https:\/\/www.intdemocratic.org\/events\/coloquio-fin-de-la-impunidad-en-venezuela-con-walter-marquez.html<\/a><\/p>\n<p style=\"text-align: center;\"><strong>DIRECCI\u00d3N DEL COLOQUIO<\/strong><br \/>\nBeatrice Rangel<\/p>\n<p style=\"text-align: center;\"><strong>BIENVENIDA:<\/strong><br \/>\nTom\u00e1s Regalado<br \/>\nPresidente IID<\/p>\n<p style=\"text-align: center;\">Paciano Padr\u00f3n<br \/>\nPresidente de VenAm\u00e9rica<\/p>\n<p style=\"text-align: center;\"><strong>PARTICIPAN:<\/strong><br \/>\nRicardo Israel<br \/>\nAdolfo Salgueiro<br \/>\nRodolfo Milani<br \/>\nIliana Lavastida<br \/>\nRodrigo Arboleda<br \/>\nLuis Galeano<br \/>\nNorberto Spangaro<br \/>\nCarlos S\u00e1nchez Berza\u00edn<\/p>\n","protected":false},"excerpt":{"rendered":"<p>INTERAMERICAN INSTITUTE FOR DEMOCRACY y VENAM\u00c9RICA invitan al Coloquio \u201cFin de la impunidad en Venezuela\u201d, con la participaci\u00f3n, como expositor, del defensor de Derechos Humanos Walter M\u00e1rquez. Mi\u00e9rcoles 20 de septiembre de 2023 Hora: 5:00\u00a0p.m.\u00a0(EST) Sede del IID: 2100 Coral&hellip;<\/p>\n","protected":false},"author":1,"featured_media":4887,"comment_status":"closed","ping_status":"closed","sticky":false,"template":"","format":"standard","meta":{"footnotes":""},"categories":[25],"tags":[],"class_list":["post-4885","post","type-post","status-publish","format-standard","has-post-thumbnail","hentry","category-noticias","entry","has-media"],"_links":{"self":[{"href":"https:\/\/venamerica.org\/home\/wp-json\/wp\/v2\/posts\/4885","targetHints":{"allow":["GET"]}}],"collection":[{"href":"https:\/\/venamerica.org\/home\/wp-json\/wp\/v2\/posts"}],"about":[{"href":"https:\/\/venamerica.org\/home\/wp-json\/wp\/v2\/types\/post"}],"author":[{"embeddable":true,"href":"https:\/\/venamerica.org\/home\/wp-json\/wp\/v2\/users\/1"}],"replies":[{"embeddable":true,"href":"https:\/\/venamerica.org\/home\/wp-json\/wp\/v2\/comments?post=4885"}],"version-history":[{"count":2,"href":"https:\/\/venamerica.org\/home\/wp-json\/wp\/v2\/posts\/4885\/revisions"}],"predecessor-version":[{"id":4888,"href":"https:\/\/venamerica.org\/home\/wp-json\/wp\/v2\/posts\/4885\/revisions\/4888"}],"wp:featuredmedia":[{"embeddable":true,"href":"https:\/\/venamerica.org\/home\/wp-json\/wp\/v2\/media\/4887"}],"wp:attachment":[{"href":"https:\/\/venamerica.org\/home\/wp-json\/wp\/v2\/media?parent=4885"}],"wp:term":[{"taxonomy":"category","embeddable":true,"href":"https:\/\/venamerica.org\/home\/wp-json\/wp\/v2\/categories?post=4885"},{"taxonomy":"post_tag","embeddable":true,"href":"https:\/\/venamerica.org\/home\/wp-json\/wp\/v2\/tags?post=4885"}],"curies":[{"name":"wp","href":"https:\/\/api.w.org\/{rel}","templated":true}]}}