 
{"id":5083,"date":"2024-02-20T20:24:07","date_gmt":"2024-02-20T20:24:07","guid":{"rendered":"https:\/\/venamerica.org\/home\/?p=5083"},"modified":"2024-02-20T20:24:07","modified_gmt":"2024-02-20T20:24:07","slug":"por-las-buenas-o-por-las-malas","status":"publish","type":"post","link":"https:\/\/venamerica.org\/home\/por-las-buenas-o-por-las-malas\/","title":{"rendered":"Por las buenas o por las malas"},"content":{"rendered":"<p><img fetchpriority=\"high\" decoding=\"async\" class=\"wp-image-1974 aligncenter\" src=\"https:\/\/venamerica.org\/home\/wp-content\/uploads\/2021\/01\/diario-venam.jpg\" alt=\"\" width=\"582\" height=\"148\" \/><\/p>\n<p style=\"text-align: right;\">Neuro Villalobos*<\/p>\n<p><strong><span style=\"font-size: 18px;\"><em>No proclam\u00e9is la libertad de volar, sino dad alas; no la de pensar, sino dad pensamientos. La libertad que hay que dar al pueblo es la cultura<\/em>. Miguel de Unamuno.<\/span><\/strong><\/p>\n<p>Ante la inviabilidad del socialismo como forma de organizaci\u00f3n social, as\u00ed como su fracaso evidente donde quiera que se ha impuesto por distintas v\u00edas, sobre todo haciendo uso de la vocaci\u00f3n totalitaria que inspira a sus seguidores quienes conjugan de manera confusa conceptos y variables de diferentes paradigmas para justificar su arremetida contra la libertad, o\u00edmos hace pocos d\u00edas al m\u00e1ximo representante de la bestialidad pol\u00edtica venezolana, Nicol\u00e1s Maduro, expresar que \u201cvan a ganar las elecciones presidenciales por las buenas o por las malas\u201d.<\/p>\n<p>De esa expresi\u00f3n gritada con vehemencia por el m\u00e1ximo dirigente de la \u201crevoluci\u00f3n bolivariana\u201d se desprenden algunas consideraciones que exponemos de seguidas.<\/p>\n<p>1. Es la oficializaci\u00f3n de la violencia. Si el Estado puede hacer uso de ella, entonces todos podemos hacerlo. No s\u00f3lo se pone en pr\u00e1ctica la furia bolivariana, sino que la oposici\u00f3n podr\u00e1 manifestar, en la pr\u00e1ctica, su arrechera venezolana para salir definitivamente de un r\u00e9gimen que pretende perpetuarse en el poder que es lo \u00fanico que le importa y preocupa.<\/p>\n<p>Ellos se sienten apoyados por el control monop\u00f3lico de casi todas las armas, y el pueblo, con todas las piedras y palos que consiga en el camino, y tambi\u00e9n por algunas armas de militares afectos a la libertad de Venezuela y que repudian tal comportamiento en el uso y abuso del poder. Ya que los dictadores no abdican y no se sale de ellos por elecciones, como lo acaba de reafirmar un eurodiputado, tendr\u00e1 que salir por las malas.<\/p>\n<p>2. Se pone de manifiesto el desespero de los miembros de este r\u00e9gimen nefasto ante el arrollador avance de la candidatura de Mar\u00eda Corina Machado, quien ha impuesto de paso su liderazgo transformador. La forma did\u00e1ctica y consistencia de sus discursos no s\u00f3lo han concitado el apoyo nacional sino tambi\u00e9n el internacional.<\/p>\n<p>3. Podemos deducir que Maduro y las focas del r\u00e9gimen no se han enterados que no s\u00f3lo estamos viviendo una \u00e9poca de cambios acelerados, sino un cambio de \u00e9poca que nos obliga a transformarnos individual y colectivamente, que nos fuerza a ser m\u00e1s honestos, m\u00e1s sinceros, m\u00e1s eficientes y mejor formados, con mayor confianza y fe en un futuro mejor, que nos permite acumular las fuerzas espirituales suficientes para ganar confianza en nosotros mismos, a pesar de la destrucci\u00f3n del pa\u00eds causada por Ch\u00e1vez primero, y Maduro despu\u00e9s.<\/p>\n<p>4. Esa absurda expresi\u00f3n pone de manifiesto su desespero porque despu\u00e9s de casi un cuarto de siglo en el poder se han dado cuenta que su socialismo del siglo XXI es una gran m\u00e1quina de fabricar pobreza que no puede competir con esa formidable maquinaria de crear riqueza como lo es el capitalismo.<\/p>\n<p>Podemos seguir enumerando otras consideraciones, pero lo que nos queda bien claro es que Maduro con su violenta expresi\u00f3n no infunde miedo, sino que ha puesto en nuestras manos un arma mortal para obligar su salida, por las malas. Pero esa arma no la vamos a utilizar. El expresidente de Venezuela, R\u00f3mulo Betancourt ya lo expres\u00f3 claramente: \u201cLa violencia es el arma de los que no tienen raz\u00f3n\u201d y en nuestro caso, quien se cree con \u00ednfulas de rey ha quedado nuevamente desnudo, d\u00e1ndonos much\u00edsimas razones para salir de \u00e9l y del r\u00e9gimen que representa. Les tocar\u00e1 considerar si quieren salir por las buenas o por las malas.<\/p>\n<p>Sabemos que Maduro y su combo de lo que s\u00ed se han dado cuenta es que no pueden ganar nunca m\u00e1s una elecci\u00f3n que sea limpia y transparente. Su muerte pol\u00edtica est\u00e1 decretada y como Montaigne le decimos: \u201cSi no sab\u00e9is morir no os importe, la naturaleza os informar\u00e1 en el momento mismo, plena y suficientemente; har\u00e1 exactamente ese trabajo por vos, no os tom\u00e9is la molestia de cuidaros de ello\u201d.<\/p>\n<p>*Director de VenAm\u00e9rica<\/p>\n","protected":false},"excerpt":{"rendered":"<p>Neuro Villalobos* No proclam\u00e9is la libertad de volar, sino dad alas; no la de pensar, sino dad pensamientos. La libertad que hay que dar al pueblo es la cultura. Miguel de Unamuno. Ante la inviabilidad del socialismo como forma de&hellip;<\/p>\n","protected":false},"author":1,"featured_media":5062,"comment_status":"closed","ping_status":"closed","sticky":false,"template":"","format":"standard","meta":{"footnotes":""},"categories":[23],"tags":[],"class_list":["post-5083","post","type-post","status-publish","format-standard","has-post-thumbnail","hentry","category-diario-las-americas","entry","has-media"],"_links":{"self":[{"href":"https:\/\/venamerica.org\/home\/wp-json\/wp\/v2\/posts\/5083","targetHints":{"allow":["GET"]}}],"collection":[{"href":"https:\/\/venamerica.org\/home\/wp-json\/wp\/v2\/posts"}],"about":[{"href":"https:\/\/venamerica.org\/home\/wp-json\/wp\/v2\/types\/post"}],"author":[{"embeddable":true,"href":"https:\/\/venamerica.org\/home\/wp-json\/wp\/v2\/users\/1"}],"replies":[{"embeddable":true,"href":"https:\/\/venamerica.org\/home\/wp-json\/wp\/v2\/comments?post=5083"}],"version-history":[{"count":1,"href":"https:\/\/venamerica.org\/home\/wp-json\/wp\/v2\/posts\/5083\/revisions"}],"predecessor-version":[{"id":5084,"href":"https:\/\/venamerica.org\/home\/wp-json\/wp\/v2\/posts\/5083\/revisions\/5084"}],"wp:featuredmedia":[{"embeddable":true,"href":"https:\/\/venamerica.org\/home\/wp-json\/wp\/v2\/media\/5062"}],"wp:attachment":[{"href":"https:\/\/venamerica.org\/home\/wp-json\/wp\/v2\/media?parent=5083"}],"wp:term":[{"taxonomy":"category","embeddable":true,"href":"https:\/\/venamerica.org\/home\/wp-json\/wp\/v2\/categories?post=5083"},{"taxonomy":"post_tag","embeddable":true,"href":"https:\/\/venamerica.org\/home\/wp-json\/wp\/v2\/tags?post=5083"}],"curies":[{"name":"wp","href":"https:\/\/api.w.org\/{rel}","templated":true}]}}