 
{"id":5449,"date":"2024-12-03T23:08:10","date_gmt":"2024-12-03T23:08:10","guid":{"rendered":"https:\/\/venamerica.org\/home\/?p=5449"},"modified":"2025-01-27T21:46:46","modified_gmt":"2025-01-27T21:46:46","slug":"responsabilidad-y-coraje","status":"publish","type":"post","link":"https:\/\/venamerica.org\/home\/responsabilidad-y-coraje\/","title":{"rendered":"Responsabilidad y coraje"},"content":{"rendered":"<p><img fetchpriority=\"high\" decoding=\"async\" class=\" wp-image-1974 aligncenter\" src=\"https:\/\/venamerica.org\/home\/wp-content\/uploads\/2021\/01\/diario-venam.jpg\" alt=\"\" width=\"580\" height=\"130\" \/><\/p>\n<p style=\"text-align: right;\">Neuro J. Villalobos Rinc\u00f3n*<\/p>\n<p><strong><span style=\"font-size: 18px;\">En los reg\u00edmenes dictatoriales o absolutistas, lo dijo Tocqueville, el despotismo golpea groseramente al cuerpo, pero se ceba en el alma porque es a ella la que quiere encadenar<\/span><\/strong><\/p>\n<p><em>\u201cRechazar cualquier conducta de discriminaci\u00f3n e intolerancia venga de donde viniere, nos obliga a combatir con vigor las actitudes de indolencia, indiferencia, resignaci\u00f3n y desesperanza. A defender la libertad y la dignidad de la persona humana\u201d<\/em>. Episcopado Venezolano.<\/p>\n<p>Oponi\u00e9ndonos a la oposici\u00f3n, as\u00ed andamos. De esa manera, en sana aplicaci\u00f3n de la l\u00f3gica, nos comportamos como si fu\u00e9ramos gobierno. Tal vez sin querer lo favorecemos o m\u00e1s incomprensible a\u00fan, podemos llegar hasta a entendernos con \u00e9l. Un claro ejemplo de esta situaci\u00f3n lo conseguimos en quienes han recomendado \u201cpasar la p\u00e1gina\u201d de los resultados de las elecciones presidenciales del 28 de julio pasado.<\/p>\n<p>Hemos demostrado tener una enorme capacidad para la distracci\u00f3n sin medir sus consecuencias; en ese sentido podemos\u00a0enfrascarnos\u00a0en una discusi\u00f3n semejante a la de si Ad\u00e1n y Eva ten\u00edan ombligo. En una interesante monograf\u00eda del Dr. Alfonso \u00c1vila leemos lo que Martin Gardner plantea: \u201cSi Ad\u00e1n y Eva no ten\u00edan ombligo, no eran seres humanos perfectos. Pero si los ten\u00edan, entonces los ombligos\u00a0implicar\u00eda\u00a0un nacimiento con parto que ellos jam\u00e1s supuestamente experimentaron.\u201d All\u00ed hay suficiente material para distraernos en una larga discusi\u00f3n.<\/p>\n<p>Mientras nos miramos el ombligo nuestro y buscamos afanosos el ombligo de Ad\u00e1n y Eva, el futuro de la democracia y de la libertad, que es lo mismo que el futuro de la Patria, se nos escurre entre las trampas montadas por el Consejo Nacional Electoral; contin\u00faa el saqueo p\u00fablico imp\u00fadicamente; el acorralamiento a la libertad de expresi\u00f3n y comunicaci\u00f3n; la eliminaci\u00f3n del Estado de Derecho y los intentos de exportaci\u00f3n de la pretendida revoluci\u00f3n.<\/p>\n<p>Pericles nos leg\u00f3 hace muchos a\u00f1os ya, una de sus famosas y acertadas frases con las que nos dice que \u201cel secreto de la felicidad es la libertad y el secreto de la libertad es el coraje\u201d.<\/p>\n<p>Es cierto, hay que tener mucho coraje para enfrentar las adversidades, la incertidumbre, el des\u00e1nimo, la insensatez y el miedo.<\/p>\n<p>Tambi\u00e9n es verdad que aun cuando se percibe en el ambiente venezolano que el miedo ha calado profundamente debido a la inseguridad reinante, la represi\u00f3n, el encarcelamiento y hasta la misma muerte desatados por quienes est\u00e1n obligados a proteger a los ciudadanos, \u00e9ste se ha ido disipando, la poblaci\u00f3n ha reaccionado y no est\u00e1 dispuesta a seguir tolerando tanta arbitrariedad, locura y terror que el r\u00e9gimen se empe\u00f1a en hacer sentir.<\/p>\n<p>Existe temor a perder el trabajo, los pocos que lo tienen, o las d\u00e1divas comprometedoras; temor a aparecer en nuevas listas denigrantes, a la parcializaci\u00f3n de la justicia, a la ideologizaci\u00f3n de la educaci\u00f3n, a la p\u00e9rdida de las propiedades y del voto, a la pr\u00e9dica b\u00e9lica y de odio, y a la consecuente militarizaci\u00f3n.<\/p>\n<p>De all\u00ed la necesidad de reaccionar con responsabilidad y coraje. En los reg\u00edmenes dictatoriales o absolutistas, lo dijo Tocqueville, el despotismo golpea groseramente al cuerpo, pero se ceba en el alma porque es a ella la que quiere encadenar. En este tipo de reg\u00edmenes se puede decir todo menos la verdad, porque la verdad da miedo. Como lo expresaba Oriana Fallaci con sobrada raz\u00f3n, a la verdad se le tiene miedo porque la cobard\u00eda es el pan que se vende por poco dinero en todas las tiendas. Por eso, adem\u00e1s el miedo a los medios.<\/p>\n<p>El miedo es libre y el miedo a la libertad se hace m\u00e1s visible en determinados momentos de la historia, porque para ser libres hay que asumir responsabilidades. La reflexi\u00f3n, la autoconciencia, nos debe llevar a disipar nuestra confusi\u00f3n para poder pasar a la acci\u00f3n. Cuando alguien encuentra su camino, dice Paulo Coelho, no puede tener miedo. \u201cTiene que tener el coraje suficiente para dar pasos errados. Las decepciones, las derrotas, el des\u00e1nimo, son herramientas que Dios utiliza para mostrar el camino\u201d.<\/p>\n<p>*Director de VenAm\u00e9rica<\/p>\n","protected":false},"excerpt":{"rendered":"<p>Neuro J. Villalobos Rinc\u00f3n* En los reg\u00edmenes dictatoriales o absolutistas, lo dijo Tocqueville, el despotismo golpea groseramente al cuerpo, pero se ceba en el alma porque es a ella la que quiere encadenar \u201cRechazar cualquier conducta de discriminaci\u00f3n e intolerancia&hellip;<\/p>\n","protected":false},"author":1,"featured_media":166,"comment_status":"closed","ping_status":"closed","sticky":false,"template":"","format":"standard","meta":{"footnotes":""},"categories":[23,13],"tags":[],"class_list":["post-5449","post","type-post","status-publish","format-standard","has-post-thumbnail","hentry","category-diario-las-americas","category-prensas","entry","has-media"],"_links":{"self":[{"href":"https:\/\/venamerica.org\/home\/wp-json\/wp\/v2\/posts\/5449","targetHints":{"allow":["GET"]}}],"collection":[{"href":"https:\/\/venamerica.org\/home\/wp-json\/wp\/v2\/posts"}],"about":[{"href":"https:\/\/venamerica.org\/home\/wp-json\/wp\/v2\/types\/post"}],"author":[{"embeddable":true,"href":"https:\/\/venamerica.org\/home\/wp-json\/wp\/v2\/users\/1"}],"replies":[{"embeddable":true,"href":"https:\/\/venamerica.org\/home\/wp-json\/wp\/v2\/comments?post=5449"}],"version-history":[{"count":1,"href":"https:\/\/venamerica.org\/home\/wp-json\/wp\/v2\/posts\/5449\/revisions"}],"predecessor-version":[{"id":5450,"href":"https:\/\/venamerica.org\/home\/wp-json\/wp\/v2\/posts\/5449\/revisions\/5450"}],"wp:featuredmedia":[{"embeddable":true,"href":"https:\/\/venamerica.org\/home\/wp-json\/wp\/v2\/media\/166"}],"wp:attachment":[{"href":"https:\/\/venamerica.org\/home\/wp-json\/wp\/v2\/media?parent=5449"}],"wp:term":[{"taxonomy":"category","embeddable":true,"href":"https:\/\/venamerica.org\/home\/wp-json\/wp\/v2\/categories?post=5449"},{"taxonomy":"post_tag","embeddable":true,"href":"https:\/\/venamerica.org\/home\/wp-json\/wp\/v2\/tags?post=5449"}],"curies":[{"name":"wp","href":"https:\/\/api.w.org\/{rel}","templated":true}]}}