 
{"id":5955,"date":"2025-10-14T21:35:12","date_gmt":"2025-10-14T21:35:12","guid":{"rendered":"https:\/\/venamerica.org\/home\/?p=5955"},"modified":"2025-10-14T21:35:12","modified_gmt":"2025-10-14T21:35:12","slug":"los-santos-venezolanos","status":"publish","type":"post","link":"https:\/\/venamerica.org\/home\/los-santos-venezolanos\/","title":{"rendered":"Los santos venezolanos"},"content":{"rendered":"<p><img fetchpriority=\"high\" decoding=\"async\" class=\" wp-image-1974 aligncenter\" src=\"https:\/\/venamerica.org\/home\/wp-content\/uploads\/2021\/01\/diario-venam.jpg\" alt=\"\" width=\"561\" height=\"141\" \/><\/p>\n<p style=\"text-align: right;\">Paciano Padr\u00f3n*<\/p>\n<p><span style=\"font-size: 18px;\"><strong>Venezuela tendr\u00e1, a partir de este 19 de octubre, sus dos primeros santos canonizados, en acto que presidir\u00e1 en San Pedro el Papa Le\u00f3n XIV, ellos son Jos\u00e9 Gregorio Hern\u00e1ndez y Carmen Rendiles.<\/strong><\/span><\/p>\n<p>En todos los pueblos del mundo conseguimos personas santas, buenas y serviciales, tambi\u00e9n otras que, en sentido contrario, podemos llamar malas, da\u00f1inas o improductivas, que no aportan en positivo a la vida social.<\/p>\n<p>En la comunidad cat\u00f3lica no todos los seres buenos y socialmente positivos son proclamados\u00a0santos\u00a0y canonizados, tampoco todos llegan a ser declarados por la Santa Sede \u201cBeatos\u201d y previamente \u201cSiervos de Dios\u201d. Conocemos gente buena, la que en lenguaje coloquial llamamos santos, que no llegan a ser canonizados.\u00a0Yo tengo el privilegio de haber conocido en vida a dos santos, a Juan Pablo II y a la Madre Teresa de Calcuta, as\u00ed como a la Beata Mar\u00eda de San Jos\u00e9, en Maracay, Venezuela.<\/p>\n<p>Yo tengo el privilegio de haber conocido en vida a dos santos, a Juan Pablo II y a la Madre Teresa de Calcuta, as\u00ed como a la Beata Mar\u00eda de San Jos\u00e9, en Maracay, Venezuela.<\/p>\n<p>Juan Pablo II estuvo dos veces en Venezuela (1985 y 1996) y entre ambas fechas yo lo visit\u00e9 en Roma; la Madre Teresa de Calcuta, de padres albaneses, nacida en Macedonia, quien hizo buena parte de su vida en Calcuta, ten\u00eda c\u00e9dula de identidad venezolana, ella fund\u00f3 siete misiones en mi pa\u00eds (las dos primeras en Yaracuy, las dos \u00faltimas en Caracas y las otras tres en Catia La Mar, San F\u00e9lix y Barquisimeto), habiendo recibido la c\u00e9dula de identidad venezolana en 1965 y nuestra m\u00e1xima presea, la Orden Libertador Sim\u00f3n Bol\u00edvar, en 1979, a\u00f1o en el que tambi\u00e9n recibi\u00f3 el premio Nobel de la Paz.<\/p>\n<p>La beata Madre Mar\u00eda de San Jos\u00e9, nacida en Choron\u00ed, estado Aragua, como Laura Alvarado Cardozo, falleci\u00f3 en Maracay en 1967 y su cuerpo permanece incorrupto en urna de cristal.<\/p>\n<p>Venezuela tendr\u00e1, a partir de este 19 de octubre, sus dos primeros santos canonizados, en acto que presidir\u00e1 en San Pedro el\u00a0Papa Le\u00f3n XIV, ellos son Jos\u00e9 Gregorio Hern\u00e1ndez y Carmen Rendiles, un hombre y una mujer, un laico y una religiosa. Adicionalmente en Venezuela tenemos dos beatas, la ya mencionada Madre Mar\u00eda de San Jos\u00e9 y la Madre Candelaria de San Jos\u00e9. Otra vez se cumpli\u00f3 aquello de que los \u00faltimos ser\u00e1n los primeros, ya que Jos\u00e9 Gregorio Hern\u00e1ndez y Carmen Rendiles fueron beatificados luego que Mar\u00eda de San Jos\u00e9 y Candelaria de San Jos\u00e9, si bien ellas fueron, en ese mismo orden, nuestras dos primeras beatas, y lo siguen siendo.<\/p>\n<p>\u00bfQu\u00e9 tienen en com\u00fan estos cuatro venezolanos, dos santos y dos beatas?, \u00bfqu\u00e9 los hace santos? Ellos al igual que todos los santos en el mundo tienen en com\u00fan la oraci\u00f3n y el servicio al pr\u00f3jimo. En todo santo encontramos una vida de oraci\u00f3n, como medio para acercarse a Dios y encontrar la paz. Dec\u00eda el Padre P\u00edo, \u201cla oraci\u00f3n es la llave del coraz\u00f3n de Dios\u201d. Por supuesto que cada quien tiene su particular manera de orar, de encontrarse con Dios y conocer de su voluntad para acatarla.<\/p>\n<p>El servicio al pr\u00f3jimo, la atenci\u00f3n y cuidado de nuestros familiares y amigos, de nuestros compatriotas y en general de todos los seres humanos, constituye la esencia de la santidad. Leemos en Mateo (25: 34-37): \u201cVengan ustedes, a quienes mi Padre ha bendecido; reciban su herencia, el reino preparado para ustedes desde la creaci\u00f3n del mundo. Porque tuve hambre y ustedes me dieron de comer; tuve sed y me dieron de beber; fui forastero y me dieron alojamiento; necesit\u00e9 ropa y me vistieron; estuve enfermo y me atendieron; estuve en la c\u00e1rcel y me visitaron\u201d. Despu\u00e9s de esta afirmaci\u00f3n de Jes\u00fas y en respuesta a la pregunta de los justos sobre \u201c\u00bfcu\u00e1ndo te vimos con hambre y te dimos de comer?\u201d, \u00bfo sediento, forastero, enfermo, preso o falto de alojamiento o ropa?, \u00c9l responder\u00eda, \u201cLes aseguro que todo lo que hicieron por uno de estos hermanos m\u00edos m\u00e1s humildes, por m\u00ed mismo lo hicieron\u201d. Se trata del primer mandamiento: \u201cAmar a Dios sobre todas las cosas y al pr\u00f3jimo como a ti mismo\u201d. Amamos a Dios sirviendo y siendo \u00fatiles a nuestros hermanos.<\/p>\n<p>Jos\u00e9 Gregorio Hern\u00e1ndez (Isnot\u00fa, Trujillo 1874 &#8211; Caracas 1919) es evocado como el \u201cm\u00e9dico de los pobres\u201d, egresado y profesor de la Universidad Central de Venezuela, cient\u00edfico, investigador y acad\u00e9mico, con estudios en Europa, es un m\u00e9dico bondadoso y milagroso, que no limitaba su tiempo y sus conocimientos para atender a quienes lo requer\u00edan, sin importar hora ni condici\u00f3n social, atendiendo muchas veces en sus casas a los enfermos. La atenci\u00f3n a los pobres es parte fundamental de su legado, precisamente muere atropellado por un veh\u00edculo, cuando llevaba medicinas a un enfermo que no ten\u00eda c\u00f3mo adquirirlas.<\/p>\n<p>La caraque\u00f1a Carmen Rendiles (1903-1977) hizo de la caridad su vida, es ejemplo de servicio, al punto de ser denominada Madre de la Caridad. Esta mujer naci\u00f3 sin el brazo izquierdo; un solo brazo de ella produc\u00eda m\u00e1s que los dos que poseemos la mayor\u00eda de los mortales; fundadora de las Siervas de Jes\u00fas, de varios colegios y de centros de atenci\u00f3n a los pobres, no establec\u00eda l\u00edmites para dar a los dem\u00e1s todo el amor que ten\u00eda en abundancia, amor que cultivaba en la oraci\u00f3n, para encontrar la fuerza de dar de manera ilimitada.<\/p>\n<p>La f\u00f3rmula para ser santo es sencilla: oraci\u00f3n y servicio; lo dif\u00edcil es la constancia. Orar en un momento dado no es dif\u00edcil, como tampoco lo es servir en alguna oportunidad a nuestra familia, a nuestros amigos, a nuestro pr\u00f3jimo en general; lo dif\u00edcil es hacerlo siempre, es la perseverancia. Juan Pablo II cuando beatific\u00f3 a mi querida Mar\u00eda de San Jos\u00e9, expres\u00f3 de ella: \u201csupo fundir de manera admirable oraci\u00f3n y acci\u00f3n, en la pr\u00e1ctica de la m\u00e1s genuina caridad hacia el pr\u00f3jimo\u201d.<\/p>\n<p>Cuando vemos la bondad y el servicio de los santos, la entrega de sus vidas a la caridad hacia el pr\u00f3jimo, contrasta con los malos, con aquellos que no sirven a los dem\u00e1s, sino que se sirven de los dem\u00e1s; cuando esos malos que en lenguaje popular llamamos diablos est\u00e1n en el ejercicio del poder, o tienen influencia decisiva en la vida colectiva de los pueblos, el da\u00f1o que causan es mayor, la maldad se agranda y su responsabilidad se acrecienta.<\/p>\n<p>A nuestros dos primeros santos, a Jos\u00e9 Gregorio Hern\u00e1ndez y a Carmen Rendiles, les pedimos por Venezuela, por el pueblo humilde al cual sirvieron, para que seamos capaces de darle un vuelco, en todos los sentidos, a la vida de nuestro pa\u00eds, lo que sin duda generar\u00e1 el bienestar y la libertad que estamos anhelando.<\/p>\n<p>*Expresidente de VenAm\u00e9rica y Vicepresidente de CICIVEN<\/p>\n","protected":false},"excerpt":{"rendered":"<p>Paciano Padr\u00f3n* Venezuela tendr\u00e1, a partir de este 19 de octubre, sus dos primeros santos canonizados, en acto que presidir\u00e1 en San Pedro el Papa Le\u00f3n XIV, ellos son Jos\u00e9 Gregorio Hern\u00e1ndez y Carmen Rendiles. En todos los pueblos del&hellip;<\/p>\n","protected":false},"author":1,"featured_media":166,"comment_status":"closed","ping_status":"closed","sticky":false,"template":"","format":"standard","meta":{"footnotes":""},"categories":[23,13],"tags":[],"class_list":["post-5955","post","type-post","status-publish","format-standard","has-post-thumbnail","hentry","category-diario-las-americas","category-prensas","entry","has-media"],"_links":{"self":[{"href":"https:\/\/venamerica.org\/home\/wp-json\/wp\/v2\/posts\/5955","targetHints":{"allow":["GET"]}}],"collection":[{"href":"https:\/\/venamerica.org\/home\/wp-json\/wp\/v2\/posts"}],"about":[{"href":"https:\/\/venamerica.org\/home\/wp-json\/wp\/v2\/types\/post"}],"author":[{"embeddable":true,"href":"https:\/\/venamerica.org\/home\/wp-json\/wp\/v2\/users\/1"}],"replies":[{"embeddable":true,"href":"https:\/\/venamerica.org\/home\/wp-json\/wp\/v2\/comments?post=5955"}],"version-history":[{"count":1,"href":"https:\/\/venamerica.org\/home\/wp-json\/wp\/v2\/posts\/5955\/revisions"}],"predecessor-version":[{"id":5956,"href":"https:\/\/venamerica.org\/home\/wp-json\/wp\/v2\/posts\/5955\/revisions\/5956"}],"wp:featuredmedia":[{"embeddable":true,"href":"https:\/\/venamerica.org\/home\/wp-json\/wp\/v2\/media\/166"}],"wp:attachment":[{"href":"https:\/\/venamerica.org\/home\/wp-json\/wp\/v2\/media?parent=5955"}],"wp:term":[{"taxonomy":"category","embeddable":true,"href":"https:\/\/venamerica.org\/home\/wp-json\/wp\/v2\/categories?post=5955"},{"taxonomy":"post_tag","embeddable":true,"href":"https:\/\/venamerica.org\/home\/wp-json\/wp\/v2\/tags?post=5955"}],"curies":[{"name":"wp","href":"https:\/\/api.w.org\/{rel}","templated":true}]}}