 
{"id":6250,"date":"2026-05-07T20:53:56","date_gmt":"2026-05-07T20:53:56","guid":{"rendered":"https:\/\/venamerica.org\/home\/?p=6250"},"modified":"2026-05-07T20:53:56","modified_gmt":"2026-05-07T20:53:56","slug":"nada-explica-la-inaccion-de-la-corte-penal-internacional","status":"publish","type":"post","link":"https:\/\/venamerica.org\/home\/nada-explica-la-inaccion-de-la-corte-penal-internacional\/","title":{"rendered":"Nada explica la inacci\u00f3n de la Corte Penal Internacional"},"content":{"rendered":"<p><img decoding=\"async\" class=\"alignnone  wp-image-1293\" src=\"https:\/\/venamerica.org\/home\/wp-content\/uploads\/2020\/09\/ciciven.png\" alt=\"\" width=\"179\" height=\"122\" \/><\/p>\n<p><strong>CICIVEN ante el retraso injustificado de la Fiscal\u00eda<\/strong><\/p>\n<p>El Comit\u00e9 Internacional contra la Impunidad en Venezuela, CICIVEN, reitera su m\u00e1s profunda preocupaci\u00f3n e indignaci\u00f3n por el retardo injustificado en la \u201cSituaci\u00f3n Venezuela I\u201d, sobre cr\u00edmenes de lesa humanidad, y por la lamentable e inaceptable inacci\u00f3n de la Fiscal\u00eda, que debidamente autorizada y sin que haya obst\u00e1culo legal que se conozca, no ha emitido las \u00f3rdenes de comparecencia y de detenci\u00f3n que exigen las circunstancias, ha frenado el proceso sin justificaci\u00f3n alguna y sin que en la Corte se generen las acciones necesarias para mover a la Fiscal\u00eda en el compromiso de la justicia.<\/p>\n<p>La Fiscal\u00eda de la CPI, el d\u00eda 3 de noviembre de 2021, hace ya cuatro a\u00f1os y medio, cerr\u00f3 el Examen Preliminar e inici\u00f3 la Investigaci\u00f3n Formal, autorizada por la Sala de Cuestiones Preliminares (27 de junio de 2023) y luego confirmada por la Sala de Apelaciones (1\u00b0 de marzo de 2024), despu\u00e9s de los recursos que interpusiera el r\u00e9gimen criminal imperante en Venezuela. No obstante, nada se ha avanzado en procura de justicia para las v\u00edctimas.<\/p>\n<p>CICIVEN recuerda que la funci\u00f3n de la Corte, adem\u00e1s de sancionatoria, tal como se expresa en el Estatuto de Roma (1998), tiene una funci\u00f3n preventiva, que debe cumplirse en el Caso Venezuela I, ya que actualmente se siguen cometiendo graves cr\u00edmenes de lesa humanidad, sin que haya ninguna acci\u00f3n que intente frenar tal reiterada conducta.<\/p>\n<p>La Corte Penal Internacional es uno de los principales \u00f3rganos para enfrentar la impunidad ante cr\u00edmenes de lesa humanidad, procesar y castigar a los autores de los mismos y proteger y reparar a las v\u00edctimas. Por ello, desde 2020 cuando constituimos CICIVEN, hemos apoyado a la CPI con vigor y firmeza, sin dejar de expresar nuestra preocupaci\u00f3n por su funcionamiento y eficacia como instituci\u00f3n de jurisdicci\u00f3n penal internacional. Hoy levantamos nuestra voz y alerta con mayor preocupaci\u00f3n, y por qu\u00e9 no decirlo, con indignaci\u00f3n: \u00bfqu\u00e9 espera la Fiscal\u00eda de la CPI para actuar? Nada justifica que miles de v\u00edctimas, de las cuales m\u00e1s de once mil quinientas (11.500), seg\u00fan lo refiere la Oficina de V\u00edctimas y Reparaciones de la Secretar\u00eda de la CPI, han ratificado la denuncia de sus casos ante las salas de Cuestiones Preliminares y la de Apelaciones, (2023 y 2024), sin que hayan tenido respuesta alguna, mientras surgen persistentemente nuevas v\u00edctimas.<\/p>\n<p>CICIVEN hace otra vez un llamado a la Corte Penal Internacional y a sus \u00f3rganos, en especial a la Presidencia de la Mesa de los Estados Partes, la Presidencia de la Corte, la Fiscal\u00eda y la Defensor\u00eda P\u00fablica de las V\u00edctimas, para que se act\u00fae inmediatamente y encause a los presuntos autores de estos cr\u00edmenes, cuyos nombres han sido debidamente denunciados y publicados por Jefes de Estado, por informes de organismos internacionales como la Secretar\u00eda General de la OEA (2018) o los de la Misi\u00f3n Independiente de Determinaci\u00f3n de Hechos de la ONU (en los \u00faltimos 5 a\u00f1os) y por numerosas organizaciones de la sociedad civil y v\u00edctimas.<\/p>\n<p>Requerimos actuar ya, lo que tendr\u00e1 un efecto preventivo y disuasivo en Venezuela.<\/p>\n<p>En defensa de las v\u00edctimas exigimos \u00a1que haya justicia en La Haya!<\/p>\n<p>En Miami, el siete de mayo de dos mil veintis\u00e9is, Junta Directiva de CICIVEN, Jos\u00e9 Emilio Castellanos, Wilfredo Castro, Luis Corona, Juan Jos\u00e9 Monsant, Rosario Orellana, Jos\u00e9 Pinto y&#8230;<\/p>\n<p>William C\u00e1rdenas Rubio, Presidente<\/p>\n<p>Paciano Padr\u00f3n, Vicepresidente<\/p>\n<p>V\u00edctor Rodr\u00edguez Cede\u00f1o, Director of International Relations<\/p>\n<p>Walter M\u00e1rquez, Director General<\/p>\n<p><a href=\"mailto:ciciven.justicia@gmail.com\">ciciven.justicia@gmail.com<\/a><br \/>\n&nbsp;<\/p>\n<p>&nbsp;<\/p>\n<p>&nbsp;<\/p>\n","protected":false},"excerpt":{"rendered":"<p>CICIVEN ante el retraso injustificado de la Fiscal\u00eda El Comit\u00e9 Internacional contra la Impunidad en Venezuela, CICIVEN, reitera su m\u00e1s profunda preocupaci\u00f3n e indignaci\u00f3n por el retardo injustificado en la \u201cSituaci\u00f3n Venezuela I\u201d, sobre cr\u00edmenes de lesa humanidad, y por&hellip;<\/p>\n","protected":false},"author":1,"featured_media":1295,"comment_status":"closed","ping_status":"closed","sticky":false,"template":"","format":"standard","meta":{"footnotes":""},"categories":[28],"tags":[],"class_list":["post-6250","post","type-post","status-publish","format-standard","has-post-thumbnail","hentry","category-comunicados","entry","has-media"],"_links":{"self":[{"href":"https:\/\/venamerica.org\/home\/wp-json\/wp\/v2\/posts\/6250","targetHints":{"allow":["GET"]}}],"collection":[{"href":"https:\/\/venamerica.org\/home\/wp-json\/wp\/v2\/posts"}],"about":[{"href":"https:\/\/venamerica.org\/home\/wp-json\/wp\/v2\/types\/post"}],"author":[{"embeddable":true,"href":"https:\/\/venamerica.org\/home\/wp-json\/wp\/v2\/users\/1"}],"replies":[{"embeddable":true,"href":"https:\/\/venamerica.org\/home\/wp-json\/wp\/v2\/comments?post=6250"}],"version-history":[{"count":1,"href":"https:\/\/venamerica.org\/home\/wp-json\/wp\/v2\/posts\/6250\/revisions"}],"predecessor-version":[{"id":6251,"href":"https:\/\/venamerica.org\/home\/wp-json\/wp\/v2\/posts\/6250\/revisions\/6251"}],"wp:featuredmedia":[{"embeddable":true,"href":"https:\/\/venamerica.org\/home\/wp-json\/wp\/v2\/media\/1295"}],"wp:attachment":[{"href":"https:\/\/venamerica.org\/home\/wp-json\/wp\/v2\/media?parent=6250"}],"wp:term":[{"taxonomy":"category","embeddable":true,"href":"https:\/\/venamerica.org\/home\/wp-json\/wp\/v2\/categories?post=6250"},{"taxonomy":"post_tag","embeddable":true,"href":"https:\/\/venamerica.org\/home\/wp-json\/wp\/v2\/tags?post=6250"}],"curies":[{"name":"wp","href":"https:\/\/api.w.org\/{rel}","templated":true}]}}