 
{"id":723,"date":"2020-07-06T23:52:03","date_gmt":"2020-07-06T23:52:03","guid":{"rendered":"http:\/\/venamerica.org\/home\/?p=723"},"modified":"2020-07-06T23:52:03","modified_gmt":"2020-07-06T23:52:03","slug":"corte-penal-internacional-senalada-de-negligencia-criminal","status":"publish","type":"post","link":"https:\/\/venamerica.org\/home\/corte-penal-internacional-senalada-de-negligencia-criminal\/","title":{"rendered":"Corte Penal Internacional se\u00f1alada de negligencia criminal"},"content":{"rendered":"<div id=\"attachment_724\" style=\"width: 780px\" class=\"wp-caption alignnone\"><img fetchpriority=\"high\" decoding=\"async\" aria-describedby=\"caption-attachment-724\" class=\"wp-image-724 size-full\" src=\"https:\/\/venamerica.org\/home\/wp-content\/uploads\/2020\/07\/cardenas.jpg\" alt=\"\" width=\"770\" height=\"433\" srcset=\"https:\/\/venamerica.org\/home\/wp-content\/uploads\/2020\/07\/cardenas.jpg 770w, https:\/\/venamerica.org\/home\/wp-content\/uploads\/2020\/07\/cardenas-300x169.jpg 300w, https:\/\/venamerica.org\/home\/wp-content\/uploads\/2020\/07\/cardenas-768x432.jpg 768w, https:\/\/venamerica.org\/home\/wp-content\/uploads\/2020\/07\/cardenas-350x197.jpg 350w\" sizes=\"(max-width: 770px) 100vw, 770px\" \/><p id=\"caption-attachment-724\" class=\"wp-caption-text\">William C\u00e1rdenas, abogado y diplom\u00e1tico venezolano, durante un simposio en l\u00ednea.\u00a0CAPTURA DE PANTALLA<\/p><\/div>\n<p>Por\u00a0<a href=\"https:\/\/www.diariolasamericas.com\/perfil\/6271-daniel-castrope\">DANIEL CASTROP\u00c9<\/a><\/p>\n<p><span style=\"font-size: 18px;\"><strong>Un grupo de abogados y analistas afirma que la fiscal de la Corte Penal Internacional, Fatou Bensouda, ignora denuncias contra el r\u00e9gimen chavista \u00a0<\/strong><\/span><\/p>\n<p>MIAMI.- Negligencia criminal en la iniciaci\u00f3n, tramitaci\u00f3n y resoluci\u00f3n de m\u00e1s de 120 denuncias contra el r\u00e9gimen de Nicol\u00e1s Maduro, es el argumento de un grupo de prominentes abogados y pol\u00edticos venezolanos que anunciaron poner en pr\u00e1ctica una serie de \u201cacciones legales\u201d, amparadas en el Estatuto de Roma, contra la Fiscal\u00eda de la\u00a0<a href=\"https:\/\/www.diariolasamericas.com\/corte-penal-internacional-a8118\">Corte Penal Internacional<\/a>\u00a0(<a href=\"https:\/\/www.diariolasamericas.com\/cpi-a10386\">CPI<\/a>).<\/p>\n<p>Presuntas irregularidades cometidas por esa instituci\u00f3n, con relaci\u00f3n a las denuncias interpuestas en contra de quien encabeza la c\u00fapula que usurpa el poder en esa naci\u00f3n sudamericana, constituyen la denuncia presentada este viernes, bajo la tutela de tres organizaciones multinacionales.<\/p>\n<p>Las tareas acordadas est\u00e1n descritas en una declaraci\u00f3n que se produjo tras un simposio en l\u00ednea, realizado el jueves 25 de junio, promovido por Venam\u00e9rica, Plataforma Democr\u00e1tica Venezolanos en Madrid y Fundaci\u00f3n El Amparo, que tuvo como ponentes a Walter M\u00e1rquez Rond\u00f3n y William C\u00e1rdenas Rubio, y en calidad de moderadores a Paciano Padr\u00f3n y Omar Estacio.<\/p>\n<p>En el primer punto de la proclamaci\u00f3n se asegura que \u201cla fiscal [de la Corte Penal Internacional] Fatou Bensouda es responsable de esas negligencias, seg\u00fan lo estipulado en el art\u00edculo 15 del Estatuto de Roma, y en una denuncia hecha por seis (6) Estados Parte, en base al art\u00edculo 14 del mismo Estatuto\u201d.<\/p>\n<p>Por tanto, un \u201ccomit\u00e9 de seguimiento\u201d creado para estos fines tendr\u00e1 a su cargo \u201cintentar las acciones que correspondan dentro del Estatuto de Roma y las Reglas de Procedimiento y Prueba contra la Fiscal Jefe de la\u00a0<a href=\"https:\/\/www.diariolasamericas.com\/corte-a9621\">Corte<\/a>\u00a0Penal Internacional, quien est\u00e1 incursa en retrasos injustificados y dilaciones arbitrarias y lesivas al leg\u00edtimo derecho del pueblo venezolano, de obtener justicia en los cr\u00edmenes de lesa humanidad perpetrados en Venezuela\u201d.<\/p>\n<p>Al respecto, el exembajador venezolano en India, Walter M\u00e1rquez Rond\u00f3n, anunci\u00f3 en enero de 2019 una investigaci\u00f3n interna en contra de la fiscal Bensouda, por \u201cretrasos y negligencia al no procesar acusaciones hechas por organismos venezolanos y extranjeros como particulares contra Nicol\u00e1s Maduro\u201d.<\/p>\n<p>El exdiplom\u00e1tico pidi\u00f3 entonces que Bensouda fuera \u201cseparada del cargo\u201d por sus se\u00f1alados v\u00ednculos con Haifa El Aissami, representante de Venezuela ante la Corte Penal Internacional y hermana del exvicepresidente venezolano Tareck El Aissami.<\/p>\n<p>En la declaraci\u00f3n de este viernes tambi\u00e9n se anuncia que se pondr\u00e1 en \u201cconocimiento general y de todos los entes p\u00fablicos o privados, multilaterales, regionales o nacionales vinculados con la tutela de derechos humanos\u201d, las supuestas irregularidades \u201cconstatadas en los procesos sustanciados por la Fiscal\u00eda de la Corte Penal Internacional\u201d.<\/p>\n<p>Seg\u00fan el documento, las presuntas anomal\u00edas de la fiscal Bensouda estar\u00edan relacionadas con los \u201ccr\u00edmenes de lesa humanidad perpetrados en Venezuela, a partir de la vigencia del Estatuto de Roma\u201d.<\/p>\n<p>La fiscal Bensouda fue sancionada el a\u00f1o pasado por el Gobierno de los Estados Unidos, que le retir\u00f3 su visado de ingreso a este pa\u00eds, por investigar supuestos cr\u00edmenes de guerra cometidos por tropas estadounidenses en Afganist\u00e1n entre 2003 y 2004.<\/p>\n<p>Bensouda acogi\u00f3 una denuncia presentada por el canciller del r\u00e9gimen venezolano, Jorge Arreaza, en contra de los Estados Unidos, por las sanciones adoptadas por este pa\u00eds en contra las empresas PDVSA, Minerven y Conviasa que, a su entender, habr\u00edan causado cr\u00edmenes de lesa humanidad en la poblaci\u00f3n venezolana.<\/p>\n<p>Las acciones legales del reci\u00e9n creado comit\u00e9 \u2014seg\u00fan la proclamaci\u00f3n\u2014 ser\u00e1n asumidas por Walter M\u00e1rquez, William C\u00e1rdenas, Omar Estacio, Paciano Padr\u00f3n, Adolfo Salgueiro, Jos\u00e9 Oropeza, Pedro Troconis y Luis Corona. Tambi\u00e9n se decidi\u00f3 crear un \u201cComit\u00e9 de V\u00edctimas del r\u00e9gimen venezolano por hechos o cr\u00edmenes a partir de la entrada en vigor del Estatuto de Roma\u201d.<\/p>\n<p>Asimismo, el grupo integrado por abogados, magistrados, especialistas en derechos humanos, historiadores y diplom\u00e1ticos residenciados en diferentes pa\u00edses de Las Am\u00e9ricas y Europa impulsar\u00e1 una campa\u00f1a para \u201calertar\u201d a embajadores, gobiernos y parlamentos de los Estados parte, comenzando por los del Grupo de Lima y los de la Uni\u00f3n Europea, sobre la \u201clenidad\u201d de la Corte Penal Internacional.<\/p>\n<p>\u201cLa Fiscal\u00eda [de la CPI] obstruye la justicia y cubre con manto de impunidad los cr\u00edmenes de lesa humanidad perpetrados en Venezuela\u201d, se puede leer en en el pronunciamiento suscrito en Miami, Estados Unidos; Madrid, Espa\u00f1a y San Crist\u00f3bal, Venezuela.<\/p>\n<p>Hace un par de semanas, el presidente Donald Trump firm\u00f3 una orden ejecutiva que \u201cautoriza la imposici\u00f3n de sanciones contra autoridades de la Corte Penal Internacional involucrados de forma directa con la investigaci\u00f3n de personal militar de EEUU\u201d y permite la \u201cextensi\u00f3n de restricciones a visados\u201d contra miembros de la CPI y sus familiares.<\/p>\n<p>Por su parte, el fiscal general de EEUU, William Barr, afirm\u00f3 que \u201cel Gobierno de EEUU tiene razones para dudar de la honestidad de la CPI\u201d, a lo que a\u00f1adi\u00f3: \u201cEl Departamento de Justicia ha recibido informaciones sustanciales y cre\u00edbles que levantan preocupaciones serias sobre una larga historia de corrupci\u00f3n financiera y malas pr\u00e1cticas en la oficina de su fiscal\u00eda\u201d.<\/p>\n<p>La Corte Penal Internacional (CPI) entr\u00f3 en funcionamiento el 1ero. de julio de 2002, y desde entonces ha recibido un c\u00famulo de denuncias relacionadas con arbitrariedades cometidas por la dictadura chavista, sin que hasta el momento se conozca un fallo por esas quejas.<\/p>\n<p><em>dcastrope@diariolasamericas.com<\/em><br \/>\n<em>@danielcastrope<\/em><\/p>\n<p>&nbsp;<\/p>\n","protected":false},"excerpt":{"rendered":"<p>Por\u00a0DANIEL CASTROP\u00c9 Un grupo de abogados y analistas afirma que la fiscal de la Corte Penal Internacional, Fatou Bensouda, ignora denuncias contra el r\u00e9gimen chavista \u00a0 MIAMI.- Negligencia criminal en la iniciaci\u00f3n, tramitaci\u00f3n y resoluci\u00f3n de m\u00e1s de 120 denuncias&hellip;<\/p>\n","protected":false},"author":1,"featured_media":724,"comment_status":"open","ping_status":"open","sticky":false,"template":"","format":"standard","meta":{"footnotes":""},"categories":[25],"tags":[],"class_list":["post-723","post","type-post","status-publish","format-standard","has-post-thumbnail","hentry","category-noticias","entry","has-media"],"_links":{"self":[{"href":"https:\/\/venamerica.org\/home\/wp-json\/wp\/v2\/posts\/723","targetHints":{"allow":["GET"]}}],"collection":[{"href":"https:\/\/venamerica.org\/home\/wp-json\/wp\/v2\/posts"}],"about":[{"href":"https:\/\/venamerica.org\/home\/wp-json\/wp\/v2\/types\/post"}],"author":[{"embeddable":true,"href":"https:\/\/venamerica.org\/home\/wp-json\/wp\/v2\/users\/1"}],"replies":[{"embeddable":true,"href":"https:\/\/venamerica.org\/home\/wp-json\/wp\/v2\/comments?post=723"}],"version-history":[{"count":0,"href":"https:\/\/venamerica.org\/home\/wp-json\/wp\/v2\/posts\/723\/revisions"}],"wp:featuredmedia":[{"embeddable":true,"href":"https:\/\/venamerica.org\/home\/wp-json\/wp\/v2\/media\/724"}],"wp:attachment":[{"href":"https:\/\/venamerica.org\/home\/wp-json\/wp\/v2\/media?parent=723"}],"wp:term":[{"taxonomy":"category","embeddable":true,"href":"https:\/\/venamerica.org\/home\/wp-json\/wp\/v2\/categories?post=723"},{"taxonomy":"post_tag","embeddable":true,"href":"https:\/\/venamerica.org\/home\/wp-json\/wp\/v2\/tags?post=723"}],"curies":[{"name":"wp","href":"https:\/\/api.w.org\/{rel}","templated":true}]}}