 
{"id":937,"date":"2020-07-21T21:54:23","date_gmt":"2020-07-21T21:54:23","guid":{"rendered":"http:\/\/venamerica.org\/home\/?p=937"},"modified":"2020-07-21T21:54:23","modified_gmt":"2020-07-21T21:54:23","slug":"reportan-1-560-muertes-por-resistencia-a-la-autoridad-en-solo-cinco-meses","status":"publish","type":"post","link":"https:\/\/venamerica.org\/home\/reportan-1-560-muertes-por-resistencia-a-la-autoridad-en-solo-cinco-meses\/","title":{"rendered":"Reportan 1.560 muertes por resistencia a la autoridad en solo cinco meses"},"content":{"rendered":"<ul>\n<li><strong><span style=\"font-size: 18px;\">De acuerdo al informe presentado por Humberto Prado<\/span><\/strong><\/li>\n<li><strong><span style=\"font-size: 18px;\">\u201c18 diputados han denunciado hostigamiento y persecuci\u00f3n, 33 han sido exiliados, se contabilizaron 4 refugiados en embajadas, 5 en la clandestinidad y 14 fueron despojados de su pasaporte\u201d<\/span><\/strong><\/li>\n<\/ul>\n<p>Unas 1.560 personas fueron \u00abasesinadas\u00bb en el pa\u00eds por las Fuerzas de Acciones Especiales (FAES) de la Polic\u00eda Nacional bajo el calificativo de \u00abresistencia a la autoridad\u00bb entre enero y mayo del a\u00f1o pasado.<\/p>\n<p>As\u00ed lo revel\u00f3 este lunes Humberto Prado, comisionado para los Derechos Humanos y la Atenci\u00f3n a las V\u00edctimas de Juan Guaid\u00f3, en la presentaci\u00f3n del informe Venezuela entre la oscuridad y la esperanza: Informe de DDHH 2019.<\/p>\n<p>Prado calic\u00f3 a las FAES de \u201cgrupo de exterminio de la dictadura\u201d, as\u00ed como de \u201calarmante\u201d su actuaci\u00f3n en el 2019, que muestra un patr\u00f3n de conducta durante sus operativos.<\/p>\n<p>Adem\u00e1s, report\u00f3 que \u201cal menos 149 privados de libertad murieron en centros de detenci\u00f3n preventiva de 15 estados monitoreados, al tiempo, que destac\u00f3 que el hacinamiento en los centros de detenci\u00f3n preventiva increment\u00f3 un 500%\u201d.<\/p>\n<p>Insisti\u00f3 en que 2019 se caracteriz\u00f3 por una \u00abmarcada agudizaci\u00f3n del conflicto pol\u00edtico y la crisis social\u00bb.<\/p>\n<p>En ese sentido, denunci\u00f3 que \u201c18 diputados han denunciado hostigamiento y persecuci\u00f3n, 33 han sido exiliados, se contabilizaron 4 refugiados en embajadas, 5 en la clandestinidad y 14 fueron despojados de su pasaporte\u201d.<\/p>\n<p>Sostuvo que durante ese periodo los periodistas y el derecho a la libertad de expresi\u00f3n se vieron \u00abfuertemente afectados\u00bb, seg\u00fan expuso en un comunicado.<\/p>\n<p>Seg\u00fan el informe, seis canales internacionales fueron sacados de la programaci\u00f3n, 20 emisoras salieron del aire por orden de la Comisi\u00f3n Nacional de Telecomunicaciones (Conatel) y se registraron m\u00e1s de 28 casos de bloqueos y ataques cibern\u00e9ticos a portales informativos en plataformas de redes sociales durante la transmisi\u00f3n de discursos o movilizaciones pol\u00edticas opositoras.<\/p>\n<p>Adem\u00e1s, se produjeron al menos 2.219 detenciones arbitrarias relacionas con el ejercicio de la libertad de expresi\u00f3n, de las que fueron v\u00edctimas, en la mayor\u00eda de los casos, trabajadores p\u00fablicos y de la prensa, tanto venezolanos como extranjeros.<\/p>\n<p><strong><span style=\"font-size: 18px;\">Torturas con violencia sexual<\/span><\/strong><\/p>\n<p>Adem\u00e1s, sostuvo que han incurrido en \u00abtodo tipo de cr\u00edmenes\u00bb y a\u00f1adi\u00f3 que el 95 % de los casos de tortura registrados por el Instituto Casla muestran pr\u00e1cticas de violencia sexual.<\/p>\n<p>Sobre los servicios b\u00e1sicos, la comisi\u00f3n que dirige Prado observ\u00f3 que en 2019 se agrav\u00f3 la situaci\u00f3n y, al menos, 4,3 millones de venezolanos no tienen acceso a agua potable de calidad.<\/p>\n<p>El 48 % de los consultados por la comisi\u00f3n manifest\u00f3 haber permanecido al menos tres d\u00edas seguidos sin energ\u00eda el\u00e9ctrica en el a\u00f1o, un 33 % inform\u00f3 que pasan cuatro d\u00edas sin el servicio y otro 4 % respondi\u00f3 que pasa m\u00e1s de siete d\u00edas sin electricidad.<\/p>\n<p>La comisi\u00f3n tambi\u00e9n asegur\u00f3 que los pueblos ind\u00edgenas pem\u00f3n, warao, way\u00fau y a\u00f1\u00fa sufren una \u00abprofunda crisis de derechos humanos\u00bb por la explotaci\u00f3n laboral, sexual y la violencia que sufren los ni\u00f1os y las mujeres que trabajan en el Arco Minero del Orinoco, un vasto terreno repartido entre los estados de Bol\u00edvar, Amazonas y Delta Amacuro, fronterizos con Brasil y Guyana.<\/p>\n<p><em>V\u00eda:\u00a0 reportecatolicolaico.com\/21 julio, 2020 diariolaverdadweb@gmail.com<\/em><\/p>\n<p>&nbsp;<\/p>\n","protected":false},"excerpt":{"rendered":"<p>De acuerdo al informe presentado por Humberto Prado \u201c18 diputados han denunciado hostigamiento y persecuci\u00f3n, 33 han sido exiliados, se contabilizaron 4 refugiados en embajadas, 5 en la clandestinidad y 14 fueron despojados de su pasaporte\u201d Unas 1.560 personas fueron&hellip;<\/p>\n","protected":false},"author":1,"featured_media":938,"comment_status":"closed","ping_status":"closed","sticky":false,"template":"","format":"standard","meta":{"footnotes":""},"categories":[25,13],"tags":[],"class_list":["post-937","post","type-post","status-publish","format-standard","has-post-thumbnail","hentry","category-noticias","category-prensas","entry","has-media"],"_links":{"self":[{"href":"https:\/\/venamerica.org\/home\/wp-json\/wp\/v2\/posts\/937","targetHints":{"allow":["GET"]}}],"collection":[{"href":"https:\/\/venamerica.org\/home\/wp-json\/wp\/v2\/posts"}],"about":[{"href":"https:\/\/venamerica.org\/home\/wp-json\/wp\/v2\/types\/post"}],"author":[{"embeddable":true,"href":"https:\/\/venamerica.org\/home\/wp-json\/wp\/v2\/users\/1"}],"replies":[{"embeddable":true,"href":"https:\/\/venamerica.org\/home\/wp-json\/wp\/v2\/comments?post=937"}],"version-history":[{"count":0,"href":"https:\/\/venamerica.org\/home\/wp-json\/wp\/v2\/posts\/937\/revisions"}],"wp:featuredmedia":[{"embeddable":true,"href":"https:\/\/venamerica.org\/home\/wp-json\/wp\/v2\/media\/938"}],"wp:attachment":[{"href":"https:\/\/venamerica.org\/home\/wp-json\/wp\/v2\/media?parent=937"}],"wp:term":[{"taxonomy":"category","embeddable":true,"href":"https:\/\/venamerica.org\/home\/wp-json\/wp\/v2\/categories?post=937"},{"taxonomy":"post_tag","embeddable":true,"href":"https:\/\/venamerica.org\/home\/wp-json\/wp\/v2\/tags?post=937"}],"curies":[{"name":"wp","href":"https:\/\/api.w.org\/{rel}","templated":true}]}}